{"id":4003,"date":"2025-07-01T18:23:53","date_gmt":"2025-07-01T23:23:53","guid":{"rendered":"https:\/\/byteflows.net\/wp\/btourq\/2023\/11\/01\/behind-the-screens-the-making-of-your-favorite-games-copy\/"},"modified":"2025-07-01T18:23:54","modified_gmt":"2025-07-01T23:23:54","slug":"atencion-usuarios-del-agua-convocan-a-asamblea-clave-para-elegir-comite-electoral","status":"publish","type":"post","link":"https:\/\/www.agriculturaenmarcha.com\/index.php\/2025\/07\/01\/atencion-usuarios-del-agua-convocan-a-asamblea-clave-para-elegir-comite-electoral\/","title":{"rendered":"\u00a1Atenci\u00f3n usuarios del agua! convocan a asamblea clave para elegir comit\u00e9 electoral"},"content":{"rendered":"\n<p>La Campi\u00f1a, julio de 2025 \u2013 \u00a1Ag\u00e9ndalo bien y pasa la voz, compadre! La Junta de Usuarios del Sector Hidr\u00e1ulico Menor Clase A ha lanzado la convocatoria oficial para una Asamblea General Extraordinaria que se viene con todo este viernes 11 de julio, y t\u00fa no puedes faltar.<\/p>\n\n\n\n<p>La primera convocatoria es a las 9:30 de la ma\u00f1ana, y si est\u00e1s medio atrasado, tranquilo que hay segunda llamada a las 10:00 a.m.<\/p>\n\n\n\n<p>El punto de encuentro ser\u00e1 en el local institucional, ubicado en el km 4 \u00bd de La Campi\u00f1a.<\/p>\n\n\n\n<p>\u00bfPara qu\u00e9 es esta asamblea? Nada menos que para elegir o ratificar a los miembros del Comit\u00e9 Electoral y el Comit\u00e9 de Impugnaciones, quienes tendr\u00e1n la importante tarea de velar por la transparencia y legalidad de los pr\u00f3ximos procesos en nuestra junta que se implementara con el supervisi\u00f3n de la ONPE<br>el pr\u00f3ximo 12 de octubre 2025.<\/p>\n\n\n\n<p>As\u00ed que si eres usuario y quieres que las cosas se hagan bien, con juego limpio y sin trucos, \u00a1no faltes! Tu voz y tu voto cuentan m\u00e1s que nunca.<\/p>\n\n\n\n<p>Recuerda llevar tu DNI y estar al d\u00eda en tus compromisos como usuario para poder participar sin roche.<\/p>\n\n\n\n<p>\u00a1Corre la voz, vecino del canal! Porque quien no va, despu\u00e9s no se queje\u2026(MAP)<\/p>\n\n\n\n<figure class=\"wp-block-image size-large\"><img fetchpriority=\"high\" decoding=\"async\" width=\"1024\" height=\"768\" src=\"https:\/\/www.agriculturaenmarcha.com\/wp-content\/uploads\/2023\/11\/WhatsApp-Image-2025-07-01-at-2.37.07-PM-1024x768.jpeg\" alt=\"\" class=\"wp-image-4590\" srcset=\"https:\/\/www.agriculturaenmarcha.com\/wp-content\/uploads\/2023\/11\/WhatsApp-Image-2025-07-01-at-2.37.07-PM-1024x768.jpeg 1024w, https:\/\/www.agriculturaenmarcha.com\/wp-content\/uploads\/2023\/11\/WhatsApp-Image-2025-07-01-at-2.37.07-PM-300x225.jpeg 300w, https:\/\/www.agriculturaenmarcha.com\/wp-content\/uploads\/2023\/11\/WhatsApp-Image-2025-07-01-at-2.37.07-PM-768x576.jpeg 768w, https:\/\/www.agriculturaenmarcha.com\/wp-content\/uploads\/2023\/11\/WhatsApp-Image-2025-07-01-at-2.37.07-PM-600x450.jpeg 600w, https:\/\/www.agriculturaenmarcha.com\/wp-content\/uploads\/2023\/11\/WhatsApp-Image-2025-07-01-at-2.37.07-PM.jpeg 1280w\" sizes=\"(max-width: 1024px) 100vw, 1024px\" \/><\/figure>\n","protected":false},"excerpt":{"rendered":"<p>The goal of this post is to make choosing your lifestyle blog name decision much easier. By the end of the article, you will know how to choose a good name, where to buy a domain, ways to start your website and even how to make money from it.<\/p>\n","protected":false},"author":2,"featured_media":4589,"comment_status":"open","ping_status":"open","sticky":false,"template":"","format":"standard","meta":{"footnotes":""},"categories":[18],"tags":[76],"class_list":["post-4003","post","type-post","status-publish","format-standard","has-post-thumbnail","hentry","category-peru","tag-elecciones"],"aioseo_notices":[],"_links":{"self":[{"href":"https:\/\/www.agriculturaenmarcha.com\/index.php\/wp-json\/wp\/v2\/posts\/4003","targetHints":{"allow":["GET"]}}],"collection":[{"href":"https:\/\/www.agriculturaenmarcha.com\/index.php\/wp-json\/wp\/v2\/posts"}],"about":[{"href":"https:\/\/www.agriculturaenmarcha.com\/index.php\/wp-json\/wp\/v2\/types\/post"}],"author":[{"embeddable":true,"href":"https:\/\/www.agriculturaenmarcha.com\/index.php\/wp-json\/wp\/v2\/users\/2"}],"replies":[{"embeddable":true,"href":"https:\/\/www.agriculturaenmarcha.com\/index.php\/wp-json\/wp\/v2\/comments?post=4003"}],"version-history":[{"count":1,"href":"https:\/\/www.agriculturaenmarcha.com\/index.php\/wp-json\/wp\/v2\/posts\/4003\/revisions"}],"predecessor-version":[{"id":4591,"href":"https:\/\/www.agriculturaenmarcha.com\/index.php\/wp-json\/wp\/v2\/posts\/4003\/revisions\/4591"}],"wp:featuredmedia":[{"embeddable":true,"href":"https:\/\/www.agriculturaenmarcha.com\/index.php\/wp-json\/wp\/v2\/media\/4589"}],"wp:attachment":[{"href":"https:\/\/www.agriculturaenmarcha.com\/index.php\/wp-json\/wp\/v2\/media?parent=4003"}],"wp:term":[{"taxonomy":"category","embeddable":true,"href":"https:\/\/www.agriculturaenmarcha.com\/index.php\/wp-json\/wp\/v2\/categories?post=4003"},{"taxonomy":"post_tag","embeddable":true,"href":"https:\/\/www.agriculturaenmarcha.com\/index.php\/wp-json\/wp\/v2\/tags?post=4003"}],"curies":[{"name":"wp","href":"https:\/\/api.w.org\/{rel}","templated":true}]}}