{"id":4760,"date":"2025-07-06T13:45:37","date_gmt":"2025-07-06T18:45:37","guid":{"rendered":"https:\/\/www.agriculturaenmarcha.com\/?p=4760"},"modified":"2025-07-06T13:58:14","modified_gmt":"2025-07-06T18:58:14","slug":"mi-voto-para-elegir-a-gerente-en-chinecas-fue-en-el-marco-legal","status":"publish","type":"post","link":"https:\/\/www.agriculturaenmarcha.com\/index.php\/2025\/07\/06\/mi-voto-para-elegir-a-gerente-en-chinecas-fue-en-el-marco-legal\/","title":{"rendered":"Mi voto para elegir a gerente en Chinecas fue en el marco legal"},"content":{"rendered":"\n<p>Ante algunas versiones difundidas recientemente por el dirigente agrario Linder Fernando Mauricio Diestra, me veo en la obligaci\u00f3n de aclarar p\u00fablicamente que mi designaci\u00f3n como representante de la Municipalidad Provincial del Santa ante el Directorio del Proyecto Especial Chinecas se realiz\u00f3 mediante <strong>Acuerdo de Concejo N.\u00ba 047-2023<\/strong>, aprobado en sesi\u00f3n extraordinaria del 20 de julio del 2023, y <strong>no<\/strong> por Resoluci\u00f3n de Alcald\u00eda, como err\u00f3neamente se ha venido se\u00f1alando manifest\u00f3 la Arq. Giuliana Roci\u00f3 Ayala Zavaleta, ex miembro del directorio de Chinecas.<\/p>\n\n\n\n<p>En cumplimiento de esa designaci\u00f3n, particip\u00e9 en todas las sesiones oficiales del Directorio, incluyendo la llevada a cabo el <strong>16 de abril del 2025<\/strong>, en la cual emit\u00ed mi voto en el marco legal vigente para elegir como gerente general (e) del Proyecto Chinecas a la ingeniera <strong>Ana Melba Salas Laureano<\/strong>.<\/p>\n\n\n\n<p>Mi participaci\u00f3n en el Directorio se mantuvo v\u00e1lida hasta el d\u00eda <strong>24 de abril del 2025<\/strong>, cuando el Concejo Municipal aprob\u00f3 un nuevo <strong>Acuerdo de Concejo N.\u00ba 024-2025<\/strong><strong>,<\/strong> que dej\u00f3 sin efecto el acuerdo anterior y design\u00f3 al nuevo representante de la Municipalidad ante dicho \u00f3rgano colegiado.<\/p>\n\n\n\n<p>Asimismo, es importante precisar que mi designaci\u00f3n como representante ante Chinecas fue totalmente <strong>independiente<\/strong>de mi cargo como <strong>Gerente de Desarrollo Urbano<\/strong>, el cual s\u00ed estuvo regulado mediante Resoluci\u00f3n de Alcald\u00eda, y del cual fui cesada posteriormente tambi\u00e9n por resoluci\u00f3n correspondiente.<\/p>\n\n\n\n<p>Como profesional del sector p\u00fablico, con trayectoria reconocida y sin observaciones a mi legajo, reitero que <strong>nunca ha sido parte de mi conducta actuar al margen de la ley ni de las normas<\/strong> que rigen la funci\u00f3n p\u00fablica. Toda mi participaci\u00f3n en el Proyecto Chinecas ha estado sustentada en decisiones del Concejo Municipal, las mismas que he respetado con responsabilidad y vocaci\u00f3n de servicio.<\/p>\n\n\n\n<p>Esta declaraci\u00f3n se emite a trav\u00e9s del portal web <strong>Agricultura en Marcha<\/strong>, como un acto de transparencia ante la ciudadan\u00eda y para deslindar cualquier intento de desinformaci\u00f3n agrego Ayala Zavaleta (MAP)<\/p>\n\n\n\n<figure class=\"wp-block-gallery has-nested-images columns-default is-cropped wp-block-gallery-1 is-layout-flex wp-block-gallery-is-layout-flex\">\n<figure class=\"wp-block-image size-large\"><img fetchpriority=\"high\" decoding=\"async\" width=\"958\" height=\"495\" data-id=\"4762\" src=\"https:\/\/www.agriculturaenmarcha.com\/wp-content\/uploads\/2025\/07\/agriculturaenmarcha-resolucion.png\" alt=\"\" class=\"wp-image-4762\" srcset=\"https:\/\/www.agriculturaenmarcha.com\/wp-content\/uploads\/2025\/07\/agriculturaenmarcha-resolucion.png 958w, https:\/\/www.agriculturaenmarcha.com\/wp-content\/uploads\/2025\/07\/agriculturaenmarcha-resolucion-300x155.png 300w, https:\/\/www.agriculturaenmarcha.com\/wp-content\/uploads\/2025\/07\/agriculturaenmarcha-resolucion-768x397.png 768w, https:\/\/www.agriculturaenmarcha.com\/wp-content\/uploads\/2025\/07\/agriculturaenmarcha-resolucion-640x331.png 640w\" sizes=\"(max-width: 958px) 100vw, 958px\" \/><\/figure>\n<\/figure>\n\n\n\n<p><\/p>\n","protected":false},"excerpt":{"rendered":"<p>Ante algunas versiones difundidas recientemente por el dirigente agrario Linder Fernando Mauricio Diestra, me veo en la obligaci\u00f3n de aclarar p\u00fablicamente que mi designaci\u00f3n como representante de la Municipalidad Provincial del Santa ante el Directorio del Proyecto Especial Chinecas se realiz\u00f3 mediante Acuerdo de Concejo N.\u00ba 047-2023, aprobado en sesi\u00f3n extraordinaria del 20 de julio [&hellip;]<\/p>\n","protected":false},"author":2,"featured_media":4764,"comment_status":"open","ping_status":"open","sticky":false,"template":"","format":"standard","meta":{"footnotes":""},"categories":[24,19],"tags":[68,93],"class_list":["post-4760","post","type-post","status-publish","format-standard","has-post-thumbnail","hentry","category-noticia-grande","category-todas-las-noticias","tag-chinecas","tag-giuliana"],"aioseo_notices":[],"_links":{"self":[{"href":"https:\/\/www.agriculturaenmarcha.com\/index.php\/wp-json\/wp\/v2\/posts\/4760","targetHints":{"allow":["GET"]}}],"collection":[{"href":"https:\/\/www.agriculturaenmarcha.com\/index.php\/wp-json\/wp\/v2\/posts"}],"about":[{"href":"https:\/\/www.agriculturaenmarcha.com\/index.php\/wp-json\/wp\/v2\/types\/post"}],"author":[{"embeddable":true,"href":"https:\/\/www.agriculturaenmarcha.com\/index.php\/wp-json\/wp\/v2\/users\/2"}],"replies":[{"embeddable":true,"href":"https:\/\/www.agriculturaenmarcha.com\/index.php\/wp-json\/wp\/v2\/comments?post=4760"}],"version-history":[{"count":2,"href":"https:\/\/www.agriculturaenmarcha.com\/index.php\/wp-json\/wp\/v2\/posts\/4760\/revisions"}],"predecessor-version":[{"id":4766,"href":"https:\/\/www.agriculturaenmarcha.com\/index.php\/wp-json\/wp\/v2\/posts\/4760\/revisions\/4766"}],"wp:featuredmedia":[{"embeddable":true,"href":"https:\/\/www.agriculturaenmarcha.com\/index.php\/wp-json\/wp\/v2\/media\/4764"}],"wp:attachment":[{"href":"https:\/\/www.agriculturaenmarcha.com\/index.php\/wp-json\/wp\/v2\/media?parent=4760"}],"wp:term":[{"taxonomy":"category","embeddable":true,"href":"https:\/\/www.agriculturaenmarcha.com\/index.php\/wp-json\/wp\/v2\/categories?post=4760"},{"taxonomy":"post_tag","embeddable":true,"href":"https:\/\/www.agriculturaenmarcha.com\/index.php\/wp-json\/wp\/v2\/tags?post=4760"}],"curies":[{"name":"wp","href":"https:\/\/api.w.org\/{rel}","templated":true}]}}