{"id":4829,"date":"2025-07-08T16:29:01","date_gmt":"2025-07-08T21:29:01","guid":{"rendered":"https:\/\/www.agriculturaenmarcha.com\/?p=4829"},"modified":"2025-07-08T16:29:03","modified_gmt":"2025-07-08T21:29:03","slug":"el-agua-se-agota-y-el-tiempo-se-acaba-mientras-el-estado-duerme","status":"publish","type":"post","link":"https:\/\/www.agriculturaenmarcha.com\/index.php\/2025\/07\/08\/el-agua-se-agota-y-el-tiempo-se-acaba-mientras-el-estado-duerme\/","title":{"rendered":"El Agua Se Agota y el Tiempo Se Acaba: Mientras el Estado Duerme"},"content":{"rendered":"\n<p>El impacto de las sequ\u00edas no es exclusivo del Per\u00fa: es un fen\u00f3meno continental. As\u00ed lo advierte un investigador que recuerda c\u00f3mo en los \u00faltimos cinco meses, gran parte de Sudam\u00e9rica \u2014incluyendo Uruguay, Brasil, Colombia y la Amazon\u00eda\u2014 enfrenta una severa escasez de agua.<\/p>\n\n\n\n<p>Uruguay sufri\u00f3 su peor sequ\u00eda en 74 a\u00f1os; Colombia vive una oleada de incendios forestales; y se estima que hacia el 2070, las sequ\u00edas extremas pondr\u00e1n en jaque a toda la selva amaz\u00f3nica, provocando erosi\u00f3n, p\u00e9rdida de vegetaci\u00f3n y desaparici\u00f3n de especies.<\/p>\n\n\n\n<p>El panorama mundial no es mejor: Europa tuvo en 2022 su peor sequ\u00eda en 500 a\u00f1os y 25 pa\u00edses viven hoy estr\u00e9s h\u00eddrico extremo. La ONU advirti\u00f3 que si la temperatura global sube 3\u202f\u00b0C, al menos 170 millones de personas sufrir\u00e1n sequ\u00edas severas.<\/p>\n\n\n\n<p>En Per\u00fa, el problema no solo es clim\u00e1tico: la falta de prevenci\u00f3n, la corrupci\u00f3n y la burocracia agravan la crisis. Pese a contar con recursos, se ha ejecutado menos del 10% del presupuesto para mitigar el riesgo. La soluci\u00f3n, seg\u00fan el investigador Yarlequ\u00e9, podr\u00eda estar en retomar pr\u00e1cticas ancestrales como las <strong>\u201cqochas\u201d<\/strong>, <strong>\u201cwari-wari\u201d<\/strong> o <strong>\u201camunas\u201d<\/strong>, tecnolog\u00edas hidr\u00e1ulicas prehisp\u00e1nicas que gestionan y preservan el agua de manera sostenible.<\/p>\n\n\n\n<p><strong>El reto ya no es solo resistir El Ni\u00f1o. Se avecina La Ni\u00f1a. Y mientras el clima se endurece, el pa\u00eds necesita actuar. Ya.<\/strong><\/p>\n\n\n\n<p><\/p>\n","protected":false},"excerpt":{"rendered":"<p>El impacto de las sequ\u00edas no es exclusivo del Per\u00fa: es un fen\u00f3meno continental. As\u00ed lo advierte un investigador que recuerda c\u00f3mo en los \u00faltimos cinco meses, gran parte de Sudam\u00e9rica \u2014incluyendo Uruguay, Brasil, Colombia y la Amazon\u00eda\u2014 enfrenta una severa escasez de agua. Uruguay sufri\u00f3 su peor sequ\u00eda en 74 a\u00f1os; Colombia vive una [&hellip;]<\/p>\n","protected":false},"author":2,"featured_media":4830,"comment_status":"open","ping_status":"open","sticky":false,"template":"","format":"standard","meta":{"footnotes":""},"categories":[25,17],"tags":[],"class_list":["post-4829","post","type-post","status-publish","format-standard","has-post-thumbnail","hentry","category-destacadas","category-region-ancash"],"aioseo_notices":[],"_links":{"self":[{"href":"https:\/\/www.agriculturaenmarcha.com\/index.php\/wp-json\/wp\/v2\/posts\/4829","targetHints":{"allow":["GET"]}}],"collection":[{"href":"https:\/\/www.agriculturaenmarcha.com\/index.php\/wp-json\/wp\/v2\/posts"}],"about":[{"href":"https:\/\/www.agriculturaenmarcha.com\/index.php\/wp-json\/wp\/v2\/types\/post"}],"author":[{"embeddable":true,"href":"https:\/\/www.agriculturaenmarcha.com\/index.php\/wp-json\/wp\/v2\/users\/2"}],"replies":[{"embeddable":true,"href":"https:\/\/www.agriculturaenmarcha.com\/index.php\/wp-json\/wp\/v2\/comments?post=4829"}],"version-history":[{"count":1,"href":"https:\/\/www.agriculturaenmarcha.com\/index.php\/wp-json\/wp\/v2\/posts\/4829\/revisions"}],"predecessor-version":[{"id":4831,"href":"https:\/\/www.agriculturaenmarcha.com\/index.php\/wp-json\/wp\/v2\/posts\/4829\/revisions\/4831"}],"wp:featuredmedia":[{"embeddable":true,"href":"https:\/\/www.agriculturaenmarcha.com\/index.php\/wp-json\/wp\/v2\/media\/4830"}],"wp:attachment":[{"href":"https:\/\/www.agriculturaenmarcha.com\/index.php\/wp-json\/wp\/v2\/media?parent=4829"}],"wp:term":[{"taxonomy":"category","embeddable":true,"href":"https:\/\/www.agriculturaenmarcha.com\/index.php\/wp-json\/wp\/v2\/categories?post=4829"},{"taxonomy":"post_tag","embeddable":true,"href":"https:\/\/www.agriculturaenmarcha.com\/index.php\/wp-json\/wp\/v2\/tags?post=4829"}],"curies":[{"name":"wp","href":"https:\/\/api.w.org\/{rel}","templated":true}]}}