{"id":4832,"date":"2025-07-08T16:53:47","date_gmt":"2025-07-08T21:53:47","guid":{"rendered":"https:\/\/www.agriculturaenmarcha.com\/?p=4832"},"modified":"2025-07-08T17:16:38","modified_gmt":"2025-07-08T22:16:38","slug":"chinecas-inicio-hoy-el-levantamiento-topografico-georeferenciado-e-inspecciones-oculares-en-la-asociacion-santos-rios","status":"publish","type":"post","link":"https:\/\/www.agriculturaenmarcha.com\/index.php\/2025\/07\/08\/chinecas-inicio-hoy-el-levantamiento-topografico-georeferenciado-e-inspecciones-oculares-en-la-asociacion-santos-rios\/","title":{"rendered":"Chinecas Inici\u00f3 Hoy el Levantamiento Topogr\u00e1fico Georeferenciado e Inspecciones Oculares en la Asociaci\u00f3n Santos R\u00edos"},"content":{"rendered":"\n<p>El Proyecto Especial CHINECAS, con el apoyo t\u00e9cnico del Organismo de Formalizaci\u00f3n de la Propiedad Informal (COFOPRI) y el Ministerio de Desarrollo Agrario y Riego (MIDAGRI), inici\u00f3 desde hoy martes 8 de julio el levantamiento topogr\u00e1fico georreferenciado y las inspecciones oculares parcela por parcela en el sector Santos R\u00edos posteriormente har\u00e1 lo mismo en el sector Pampa La Carbonera.<\/p>\n\n\n\n<p>Estas labores, de car\u00e1cter t\u00e9cnico y legal, son parte del proceso previo a la evaluaci\u00f3n de 2,001 solicitudes de adjudicaci\u00f3n en venta directa de parcelas (de hasta 5 hect\u00e1reas cada una), ubicadas en terrenos de propiedad del Proyecto Especial CHINECAS.<\/p>\n\n\n\n<p>El levantamiento topogr\u00e1fico y las inspecciones permitir\u00e1n obtener informaci\u00f3n precisa y actualizada de cada parcela, facilitando su identificaci\u00f3n y el saneamiento f\u00edsico-legal, en el marco del cumplimiento de las Leyes N.\u00ba 28042 y N.\u00ba 27887, que regulan los procesos de formalizaci\u00f3n y adjudicaci\u00f3n de tierras estatales.<\/p>\n\n\n\n<p>Durante este proceso, brigadas especializadas de Cofopri recorrer\u00e1n los sectores mencionados seg\u00fan programaci\u00f3n establecida.<\/p>\n\n\n\n<p>PROGRAMACI\u00d3N<\/p>\n\n\n\n<p>Detalle de la programaci\u00f3n de la semana N\u00b0 1:<\/p>\n\n\n\n<p>1.-Asociaci\u00f3n Santos R\u00edos, bases II, III, IV, V, V- A VI y VII del 8 de julio al 8 de agosto, de 7 de la ma\u00f1ana a 2 de la tarde.<\/p>\n\n\n\n<p>2.-Asociaci\u00f3n de Campesinos Sin Tierra Pampa La Carbonera Sub Sector &#8221; El Nazareno&#8221; del 10 al 16 de julio de 7 de la ma\u00f1ana a 2 de la tarde.<\/p>\n\n\n\n<p>(En el transcurso de los dias continuaremos publicando las zonas a intervenir).<\/p>\n\n\n\n<p>CHINECAS informa a la ciudadan\u00eda que estos servicios no tienen ning\u00fan costo para los posesionarios. Por ello, se exhorta a la poblaci\u00f3n a no dejarse sorprender por terceros que intenten cobrar por estos tr\u00e1mites.<\/p>\n\n\n\n<p>La ejecuci\u00f3n de estas acciones representa un paso fundamental para avanzar en la formalizaci\u00f3n de la propiedad rural, promoviendo as\u00ed el acceso seguro a la tierra y el desarrollo productivo de la regi\u00f3n<\/p>\n\n\n\n<p>EL DATO:<\/p>\n\n\n\n<p>Este trabajo colaborativo insterinstitucional forma parte de un convenio entre el Gobierno Regional de \u00c1ncash y MINAGRI para la ejecuci\u00f3n de inspecciones oculares y el levantamiento topogr\u00e1fico georeferenciado, con miras a la formalizaci\u00f3n de predios de las 2001 solicitudes de adjudicaci\u00f3n existentes.<\/p>\n\n\n\n<figure class=\"wp-block-gallery has-nested-images columns-default is-cropped wp-block-gallery-1 is-layout-flex wp-block-gallery-is-layout-flex\">\n<figure class=\"wp-block-image size-large is-style-default\"><img fetchpriority=\"high\" decoding=\"async\" width=\"1024\" height=\"461\" data-id=\"4834\" src=\"https:\/\/www.agriculturaenmarcha.com\/wp-content\/uploads\/2025\/07\/agriculturaenmarcha-inspeccion-1024x461.jpg\" alt=\"\" class=\"wp-image-4834\" srcset=\"https:\/\/www.agriculturaenmarcha.com\/wp-content\/uploads\/2025\/07\/agriculturaenmarcha-inspeccion-1024x461.jpg 1024w, https:\/\/www.agriculturaenmarcha.com\/wp-content\/uploads\/2025\/07\/agriculturaenmarcha-inspeccion-300x135.jpg 300w, https:\/\/www.agriculturaenmarcha.com\/wp-content\/uploads\/2025\/07\/agriculturaenmarcha-inspeccion-768x346.jpg 768w, https:\/\/www.agriculturaenmarcha.com\/wp-content\/uploads\/2025\/07\/agriculturaenmarcha-inspeccion-1536x691.jpg 1536w, https:\/\/www.agriculturaenmarcha.com\/wp-content\/uploads\/2025\/07\/agriculturaenmarcha-inspeccion-2048x922.jpg 2048w, https:\/\/www.agriculturaenmarcha.com\/wp-content\/uploads\/2025\/07\/agriculturaenmarcha-inspeccion-640x288.jpg 640w\" sizes=\"(max-width: 1024px) 100vw, 1024px\" \/><\/figure>\n\n\n\n<figure class=\"wp-block-image size-large is-style-default\"><img decoding=\"async\" width=\"1024\" height=\"461\" data-id=\"4835\" src=\"https:\/\/www.agriculturaenmarcha.com\/wp-content\/uploads\/2025\/07\/agriculturaenmarcha-visitadecampo-1024x461.jpg\" alt=\"\" class=\"wp-image-4835\" srcset=\"https:\/\/www.agriculturaenmarcha.com\/wp-content\/uploads\/2025\/07\/agriculturaenmarcha-visitadecampo-1024x461.jpg 1024w, https:\/\/www.agriculturaenmarcha.com\/wp-content\/uploads\/2025\/07\/agriculturaenmarcha-visitadecampo-300x135.jpg 300w, https:\/\/www.agriculturaenmarcha.com\/wp-content\/uploads\/2025\/07\/agriculturaenmarcha-visitadecampo-768x346.jpg 768w, https:\/\/www.agriculturaenmarcha.com\/wp-content\/uploads\/2025\/07\/agriculturaenmarcha-visitadecampo-1536x691.jpg 1536w, https:\/\/www.agriculturaenmarcha.com\/wp-content\/uploads\/2025\/07\/agriculturaenmarcha-visitadecampo-2048x922.jpg 2048w, https:\/\/www.agriculturaenmarcha.com\/wp-content\/uploads\/2025\/07\/agriculturaenmarcha-visitadecampo-640x288.jpg 640w\" sizes=\"(max-width: 1024px) 100vw, 1024px\" \/><\/figure>\n\n\n\n<figure class=\"wp-block-image size-large\"><img decoding=\"async\" width=\"1024\" height=\"461\" data-id=\"4836\" src=\"https:\/\/www.agriculturaenmarcha.com\/wp-content\/uploads\/2025\/07\/agriculturaenmarcha-cofopri-1024x461.jpg\" alt=\"\" class=\"wp-image-4836\" srcset=\"https:\/\/www.agriculturaenmarcha.com\/wp-content\/uploads\/2025\/07\/agriculturaenmarcha-cofopri-1024x461.jpg 1024w, https:\/\/www.agriculturaenmarcha.com\/wp-content\/uploads\/2025\/07\/agriculturaenmarcha-cofopri-300x135.jpg 300w, https:\/\/www.agriculturaenmarcha.com\/wp-content\/uploads\/2025\/07\/agriculturaenmarcha-cofopri-768x346.jpg 768w, https:\/\/www.agriculturaenmarcha.com\/wp-content\/uploads\/2025\/07\/agriculturaenmarcha-cofopri-1536x691.jpg 1536w, https:\/\/www.agriculturaenmarcha.com\/wp-content\/uploads\/2025\/07\/agriculturaenmarcha-cofopri-2048x922.jpg 2048w, https:\/\/www.agriculturaenmarcha.com\/wp-content\/uploads\/2025\/07\/agriculturaenmarcha-cofopri-640x288.jpg 640w\" sizes=\"(max-width: 1024px) 100vw, 1024px\" \/><\/figure>\n<\/figure>\n\n\n\n<p><\/p>\n","protected":false},"excerpt":{"rendered":"<p>El Proyecto Especial CHINECAS, con el apoyo t\u00e9cnico del Organismo de Formalizaci\u00f3n de la Propiedad Informal (COFOPRI) y el Ministerio de Desarrollo Agrario y Riego (MIDAGRI), inici\u00f3 desde hoy martes 8 de julio el levantamiento topogr\u00e1fico georreferenciado y las inspecciones oculares parcela por parcela en el sector Santos R\u00edos posteriormente har\u00e1 lo mismo en el [&hellip;]<\/p>\n","protected":false},"author":2,"featured_media":4833,"comment_status":"open","ping_status":"open","sticky":false,"template":"","format":"standard","meta":{"footnotes":""},"categories":[24,17],"tags":[68,95,96],"class_list":["post-4832","post","type-post","status-publish","format-standard","has-post-thumbnail","hentry","category-noticia-grande","category-region-ancash","tag-chinecas","tag-cofopri","tag-posesionarios"],"aioseo_notices":[],"_links":{"self":[{"href":"https:\/\/www.agriculturaenmarcha.com\/index.php\/wp-json\/wp\/v2\/posts\/4832","targetHints":{"allow":["GET"]}}],"collection":[{"href":"https:\/\/www.agriculturaenmarcha.com\/index.php\/wp-json\/wp\/v2\/posts"}],"about":[{"href":"https:\/\/www.agriculturaenmarcha.com\/index.php\/wp-json\/wp\/v2\/types\/post"}],"author":[{"embeddable":true,"href":"https:\/\/www.agriculturaenmarcha.com\/index.php\/wp-json\/wp\/v2\/users\/2"}],"replies":[{"embeddable":true,"href":"https:\/\/www.agriculturaenmarcha.com\/index.php\/wp-json\/wp\/v2\/comments?post=4832"}],"version-history":[{"count":2,"href":"https:\/\/www.agriculturaenmarcha.com\/index.php\/wp-json\/wp\/v2\/posts\/4832\/revisions"}],"predecessor-version":[{"id":4839,"href":"https:\/\/www.agriculturaenmarcha.com\/index.php\/wp-json\/wp\/v2\/posts\/4832\/revisions\/4839"}],"wp:featuredmedia":[{"embeddable":true,"href":"https:\/\/www.agriculturaenmarcha.com\/index.php\/wp-json\/wp\/v2\/media\/4833"}],"wp:attachment":[{"href":"https:\/\/www.agriculturaenmarcha.com\/index.php\/wp-json\/wp\/v2\/media?parent=4832"}],"wp:term":[{"taxonomy":"category","embeddable":true,"href":"https:\/\/www.agriculturaenmarcha.com\/index.php\/wp-json\/wp\/v2\/categories?post=4832"},{"taxonomy":"post_tag","embeddable":true,"href":"https:\/\/www.agriculturaenmarcha.com\/index.php\/wp-json\/wp\/v2\/tags?post=4832"}],"curies":[{"name":"wp","href":"https:\/\/api.w.org\/{rel}","templated":true}]}}