{"id":4889,"date":"2025-07-24T09:26:58","date_gmt":"2025-07-24T14:26:58","guid":{"rendered":"https:\/\/www.agriculturaenmarcha.com\/?p=4889"},"modified":"2025-07-24T09:27:01","modified_gmt":"2025-07-24T14:27:01","slug":"ni-fueron-ni-avisaron-pedro-varas-les-canta-sus-verdades-a-dirigentes-en-caso-chinecas","status":"publish","type":"post","link":"https:\/\/www.agriculturaenmarcha.com\/index.php\/2025\/07\/24\/ni-fueron-ni-avisaron-pedro-varas-les-canta-sus-verdades-a-dirigentes-en-caso-chinecas\/","title":{"rendered":"\u201c\u00a1Ni fueron ni avisaron!\u201d: Pedro Varas les canta sus verdades a dirigentes en caso Chinecas"},"content":{"rendered":"\n<p><strong>\u00a1Les cay\u00f3 con todo!<\/strong> El exdirigente agrario y agricultor del valle de Santa, <strong>Pedro Varas Obreg\u00f3n<\/strong>, no se guard\u00f3 nada y <strong>enrostr\u00f3 p\u00fablicamente la vergonzosa ausencia de los actuales dirigentes de las juntas de usuarios y comisiones de regantes<\/strong> a las exposici\u00f3nes t\u00e9cnicas de la empresa peruano-alemana ante varias convocatorias para discutir el futuro del megaproyecto Chinecas.<\/p>\n\n\n\n<p>Seg\u00fan Varas, <strong>la empresa cumpli\u00f3 con enviar las invitaciones<\/strong> a los actuales representantes del agro, pero estos <strong>\u201cnunca aparecieron, ni dieron la cara\u201d<\/strong>, hecho que fue <strong>severamente cuestionado por el propio ingeniero Ferradas<\/strong> durante su exposici\u00f3n, se\u00f1alando directamente a los ausentes de <strong>Santa e Irchim<\/strong>.<\/p>\n\n\n\n<blockquote class=\"wp-block-quote is-layout-flow wp-block-quote-is-layout-flow\">\n<p><em>\u201cA nosotros nos dio verg\u00fcenza ajena. Ferradas los mencion\u00f3 con nombre y apellido y ellos como si nada. No fueron, no dijeron nada, no cumplieron su papel. As\u00ed estamos pues, haciendo papelones\u201d<\/em>, expres\u00f3 molesto Varas Obreg\u00f3n.<\/p>\n<\/blockquote>\n\n\n\n<p>Durante la reuni\u00f3n, se revelaron detalles del ambicioso plan de Chinecas, que contempla la construcci\u00f3n de <strong>cinco represas<\/strong> y el aseguramiento del recurso h\u00eddrico para los valles de <strong>Santa y Lacramarca<\/strong>. Sin embargo, Varas fue claro y contundente:<\/p>\n\n\n\n<blockquote class=\"wp-block-quote is-layout-flow wp-block-quote-is-layout-flow\">\n<p><em>\u201cEso es mentira. El agua no alcanzar\u00e1. Nos est\u00e1n pintando bonito el panorama, pero no est\u00e1n diciendo la verdad. Solo nos queda apuntar al <strong>riego tecnificado<\/strong>, si no queremos morir con el cuello seco\u201d<\/em>, advirti\u00f3.<\/p>\n<\/blockquote>\n\n\n\n<p>Finalmente, <strong>hizo un llamado urgente a los dirigentes del agro<\/strong>, para que dejen de pensar en sus bolsillos y empiecen a trabajar por el bien com\u00fan.<\/p>\n\n\n\n<blockquote class=\"wp-block-quote is-layout-flow wp-block-quote-is-layout-flow\">\n<p><em>\u201c\u00a1Que trabajen unidos,  All\u00e1 ganan m\u00e1s de <strong>S\/4,500<\/strong> al mes y ni siquiera se presentan a defender al campo. Tienen una responsabilidad enorme y no est\u00e1n cumpliendo. \u00a1As\u00ed no se puede!\u201d<\/em>, sentenci\u00f3 con rabia y frustraci\u00f3n. (MAP)<\/p>\n<\/blockquote>\n","protected":false},"excerpt":{"rendered":"<p>\u00a1Les cay\u00f3 con todo! El exdirigente agrario y agricultor del valle de Santa, Pedro Varas Obreg\u00f3n, no se guard\u00f3 nada y enrostr\u00f3 p\u00fablicamente la vergonzosa ausencia de los actuales dirigentes de las juntas de usuarios y comisiones de regantes a las exposici\u00f3nes t\u00e9cnicas de la empresa peruano-alemana ante varias convocatorias para discutir el futuro del [&hellip;]<\/p>\n","protected":false},"author":2,"featured_media":4890,"comment_status":"open","ping_status":"open","sticky":false,"template":"","format":"standard","meta":{"footnotes":""},"categories":[16,19],"tags":[],"class_list":["post-4889","post","type-post","status-publish","format-standard","has-post-thumbnail","hentry","category-chimbote","category-todas-las-noticias"],"aioseo_notices":[],"_links":{"self":[{"href":"https:\/\/www.agriculturaenmarcha.com\/index.php\/wp-json\/wp\/v2\/posts\/4889","targetHints":{"allow":["GET"]}}],"collection":[{"href":"https:\/\/www.agriculturaenmarcha.com\/index.php\/wp-json\/wp\/v2\/posts"}],"about":[{"href":"https:\/\/www.agriculturaenmarcha.com\/index.php\/wp-json\/wp\/v2\/types\/post"}],"author":[{"embeddable":true,"href":"https:\/\/www.agriculturaenmarcha.com\/index.php\/wp-json\/wp\/v2\/users\/2"}],"replies":[{"embeddable":true,"href":"https:\/\/www.agriculturaenmarcha.com\/index.php\/wp-json\/wp\/v2\/comments?post=4889"}],"version-history":[{"count":1,"href":"https:\/\/www.agriculturaenmarcha.com\/index.php\/wp-json\/wp\/v2\/posts\/4889\/revisions"}],"predecessor-version":[{"id":4891,"href":"https:\/\/www.agriculturaenmarcha.com\/index.php\/wp-json\/wp\/v2\/posts\/4889\/revisions\/4891"}],"wp:featuredmedia":[{"embeddable":true,"href":"https:\/\/www.agriculturaenmarcha.com\/index.php\/wp-json\/wp\/v2\/media\/4890"}],"wp:attachment":[{"href":"https:\/\/www.agriculturaenmarcha.com\/index.php\/wp-json\/wp\/v2\/media?parent=4889"}],"wp:term":[{"taxonomy":"category","embeddable":true,"href":"https:\/\/www.agriculturaenmarcha.com\/index.php\/wp-json\/wp\/v2\/categories?post=4889"},{"taxonomy":"post_tag","embeddable":true,"href":"https:\/\/www.agriculturaenmarcha.com\/index.php\/wp-json\/wp\/v2\/tags?post=4889"}],"curies":[{"name":"wp","href":"https:\/\/api.w.org\/{rel}","templated":true}]}}