{"id":4961,"date":"2025-08-31T09:16:40","date_gmt":"2025-08-31T14:16:40","guid":{"rendered":"https:\/\/www.agriculturaenmarcha.com\/?p=4961"},"modified":"2025-08-31T09:16:43","modified_gmt":"2025-08-31T14:16:43","slug":"si-el-gobernador-no-escucha-el-agro-saldra-a-las-calles-felix-vasquez","status":"publish","type":"post","link":"https:\/\/www.agriculturaenmarcha.com\/index.php\/2025\/08\/31\/si-el-gobernador-no-escucha-el-agro-saldra-a-las-calles-felix-vasquez\/","title":{"rendered":"\u00a1Si el gobernador no escucha, el agro saldr\u00e1 a las calles! F\u00e9lix V\u00e1squez"},"content":{"rendered":"\n<p>El ingeniero <strong>F\u00e9lix V\u00e1squez \u00c1lvarez<\/strong> se\u00f1al\u00f3 que las observaciones que a\u00fan persisten en los estudios del proyecto especial <strong>Chinecas<\/strong> no son responsabilidad de la empresa supervisora. Explic\u00f3 que dichas observaciones fueron elevadas oportunamente a la consultora, aunque solo una primera vez fueron recibidas, y luego nunca m\u00e1s fueron atendidas.<\/p>\n\n\n\n<p>\u201cHoy lo que vemos nos une m\u00e1s como agricultores para tomar medidas a futuro, incluso medidas cautelares ante el MEF, el Midagri y las instancias correspondientes\u201d, expres\u00f3. V\u00e1squez coincidi\u00f3 con lo manifestado por el ingeniero <strong>Ulises Osorio<\/strong>, al advertir que la provincia de <strong>Casma no ser\u00e1 beneficiaria de nada<\/strong> con estos estudios, mientras que en Santa, Irchim y Nepe\u00f1a a\u00fan reina la incertidumbre.<\/p>\n\n\n\n<p>Asimismo, record\u00f3 la necesidad de esclarecer hasta cu\u00e1ndo trabaj\u00f3 Am\u00edlcare Gaita en ProInversi\u00f3n y, sobre todo, la urgencia de <strong>sentarse a corregir los errores<\/strong> y plantear un cuarto entregable que garantice beneficios reales.<\/p>\n\n\n\n<p>Finalmente, el dirigente agrario exhort\u00f3 al gobernador regional de \u00c1ncash a reunirse con los agricultores. \u201cSi no hay di\u00e1logo y si no se nos escucha, <strong>el agro saldr\u00e1 a las calles<\/strong>\u201d, advirti\u00f3.<\/p>\n\n\n<figure class=\"wp-block-embed-youtube wp-block-embed is-type-video is-provider-youtube wp-embed-aspect-16-9 wp-has-aspect-ratio\"><div class=\"lyte-wrapper fourthree\" title=\"\ud83d\udd25 &ldquo;&iexcl;Si el gobernador no escucha, el agro saldr&aacute; a las calles!&rdquo;@AgriculturaenMarcha\" style=\"width:420px;max-width:100%;margin:5px;\"><div class=\"lyMe\" id=\"WYL_gV6MZT2AyD4\" itemprop=\"video\" itemscope itemtype=\"https:\/\/schema.org\/VideoObject\"><div><meta itemprop=\"thumbnailUrl\" content=\"https:\/\/i.ytimg.com\/vi\/gV6MZT2AyD4\/hqdefault.jpg\" \/><meta itemprop=\"embedURL\" content=\"https:\/\/www.youtube.com\/embed\/gV6MZT2AyD4\" \/><meta itemprop=\"duration\" content=\"PT5M5S\" \/><meta itemprop=\"uploadDate\" content=\"2025-08-31T13:58:26Z\" \/><\/div><div id=\"lyte_gV6MZT2AyD4\" data-src=\"https:\/\/i.ytimg.com\/vi\/gV6MZT2AyD4\/hqdefault.jpg\" class=\"pL\"><div class=\"tC\"><div class=\"tT\" itemprop=\"name\">\ud83d\udd25 \u201c\u00a1Si el gobernador no escucha, el agro saldr\u00e1 a las calles!\u201d@AgriculturaenMarcha<\/div><\/div><div class=\"play\"><\/div><div class=\"ctrl\"><div class=\"Lctrl\"><\/div><div class=\"Rctrl\"><\/div><\/div><\/div><noscript><a href=\"https:\/\/youtu.be\/gV6MZT2AyD4\" rel=\"nofollow\"><img fetchpriority=\"high\" decoding=\"async\" src=\"https:\/\/i.ytimg.com\/vi\/gV6MZT2AyD4\/0.jpg\" alt=\"\ud83d\udd25 &ldquo;&iexcl;Si el gobernador no escucha, el agro saldr&aacute; a las calles!&rdquo;@AgriculturaenMarcha\" width=\"420\" height=\"295\" \/><br \/>Watch this video on YouTube<\/a><\/noscript><meta itemprop=\"description\" content=\"\u00a1\ud835\udde6\ud835\udde8\ud835\udde6\ud835\uddd6\ud835\udde5\ud835\udddc\u0301\ud835\uddd5\ud835\uddd8\ud835\udde7\ud835\uddd8 \ud835\uddd4\ud835\udddf \ud835\uddd6\ud835\uddd4\ud835\udde1\ud835\uddd4\ud835\udddf! El Ing. F\u00e9lix V\u00e1squez \u00c1lvarez fue contundente: las observaciones a los estudios de Chinecas no son culpa de la supervisora, porque los agricultores advirtieron a tiempo a la consultora\u2026 pero no fueron escuchados. Hoy confirma lo dicho por el Ing. Ulises Osorio: Casma no recibir\u00e1 ning\u00fan beneficio con este proyecto, mientras Santa, Irchim y Nepe\u00f1a siguen en incertidumbre. \ud83d\udc49 V\u00e1squez exige que el gobernador regional se siente con los agricultores para corregir y trabajar un cuarto entregable, porque si no hay di\u00e1logo, el agro levantar\u00e1 su voz en las calles. El campo no espera. El agro se defiende. sigueme en https:\/\/www.facebook.com\/agriculturaenmarcha\/ sigueme en https:\/\/twitter.com\/AgriculturaEnMa\"><\/div><\/div><div class=\"lL\" style=\"max-width:100%;width:420px;margin:5px;\"><\/div><figcaption><\/figcaption><\/figure>","protected":false},"excerpt":{"rendered":"<p>El ingeniero F\u00e9lix V\u00e1squez \u00c1lvarez se\u00f1al\u00f3 que las observaciones que a\u00fan persisten en los estudios del proyecto especial Chinecas no son responsabilidad de la empresa supervisora. Explic\u00f3 que dichas observaciones fueron elevadas oportunamente a la consultora, aunque solo una primera vez fueron recibidas, y luego nunca m\u00e1s fueron atendidas. \u201cHoy lo que vemos nos une [&hellip;]<\/p>\n","protected":false},"author":2,"featured_media":4962,"comment_status":"open","ping_status":"open","sticky":false,"template":"","format":"standard","meta":{"footnotes":""},"categories":[20,32],"tags":[],"class_list":["post-4961","post","type-post","status-publish","format-standard","has-post-thumbnail","hentry","category-politica","category-principales"],"aioseo_notices":[],"_links":{"self":[{"href":"https:\/\/www.agriculturaenmarcha.com\/index.php\/wp-json\/wp\/v2\/posts\/4961","targetHints":{"allow":["GET"]}}],"collection":[{"href":"https:\/\/www.agriculturaenmarcha.com\/index.php\/wp-json\/wp\/v2\/posts"}],"about":[{"href":"https:\/\/www.agriculturaenmarcha.com\/index.php\/wp-json\/wp\/v2\/types\/post"}],"author":[{"embeddable":true,"href":"https:\/\/www.agriculturaenmarcha.com\/index.php\/wp-json\/wp\/v2\/users\/2"}],"replies":[{"embeddable":true,"href":"https:\/\/www.agriculturaenmarcha.com\/index.php\/wp-json\/wp\/v2\/comments?post=4961"}],"version-history":[{"count":1,"href":"https:\/\/www.agriculturaenmarcha.com\/index.php\/wp-json\/wp\/v2\/posts\/4961\/revisions"}],"predecessor-version":[{"id":4963,"href":"https:\/\/www.agriculturaenmarcha.com\/index.php\/wp-json\/wp\/v2\/posts\/4961\/revisions\/4963"}],"wp:featuredmedia":[{"embeddable":true,"href":"https:\/\/www.agriculturaenmarcha.com\/index.php\/wp-json\/wp\/v2\/media\/4962"}],"wp:attachment":[{"href":"https:\/\/www.agriculturaenmarcha.com\/index.php\/wp-json\/wp\/v2\/media?parent=4961"}],"wp:term":[{"taxonomy":"category","embeddable":true,"href":"https:\/\/www.agriculturaenmarcha.com\/index.php\/wp-json\/wp\/v2\/categories?post=4961"},{"taxonomy":"post_tag","embeddable":true,"href":"https:\/\/www.agriculturaenmarcha.com\/index.php\/wp-json\/wp\/v2\/tags?post=4961"}],"curies":[{"name":"wp","href":"https:\/\/api.w.org\/{rel}","templated":true}]}}