{"id":5017,"date":"2025-09-19T20:15:20","date_gmt":"2025-09-20T01:15:20","guid":{"rendered":"https:\/\/www.agriculturaenmarcha.com\/?p=5017"},"modified":"2025-09-19T20:15:22","modified_gmt":"2025-09-20T01:15:22","slug":"presidente-del-directorio-de-sedachimbote-ratifica-su-compromiso-de-seguir-fortaleciendo-la-institucion","status":"publish","type":"post","link":"https:\/\/www.agriculturaenmarcha.com\/index.php\/2025\/09\/19\/presidente-del-directorio-de-sedachimbote-ratifica-su-compromiso-de-seguir-fortaleciendo-la-institucion\/","title":{"rendered":"Presidente del Directorio de SedaChimbote ratifica su compromiso de seguir fortaleciendo la instituci\u00f3n"},"content":{"rendered":"\n<p>El presidente del directorio de Sedachimbote, Dr. V\u00edctor S\u00edchez Mu\u00f1oz, se hizo presente en la capacitaci\u00f3n sobre inclusi\u00f3n y equidad de g\u00e9nero que promovi\u00f3 la empresa prestadora de servicios en los trabajadores y ratific\u00f3 su compromiso de seguir fomentando estas importantes pr\u00e1cticas que son pol\u00edticas de su gesti\u00f3n.<\/p>\n\n\n\n<p>Fueron dos d\u00edas de charlas que dictaron dos especialistas de la instituci\u00f3n colombiana Equil\u00e1tera, gracias a un trabajo articulado de Sedachimbote, bajo la gerencia del Ing. R\u00f3mulo Ant\u00fanez Ant\u00fanez, con la Agencia Francesa de Desarrollo (AFD), su aliado estrat\u00e9gico en importantes proyectos de saneamiento como Grandes Ciudades.<\/p>\n\n\n\n<p>Para estas capacitaciones, Equil\u00e1tera convoc\u00f3 a los gerentes, jefes de \u00e1reas, y al personal de Asesor\u00eda Jur\u00eddica, Recursos Humanos, Seguridad y Salud en Trabajo, as\u00ed como a Comunicaciones, para implementar estas pol\u00edticas de inclusi\u00f3n y equidad de g\u00e9nero.<\/p>\n\n\n\n<p>En el segundo d\u00eda de capacitaciones, el presidente del directorio de Sedachimbote entreg\u00f3 diplomas de reconocimientos a las ponentes M\u00f3nica Cort\u00e9z Yepes y Liliana Salom\u00e9 Resurrecci\u00f3n, directora y abogada de Equil\u00e1tera, respectivamente, al tiempo que destac\u00f3 su labor y el mensaje que dejaron, que es fundamental en la construcci\u00f3n de un mundo mejor.<\/p>\n\n\n\n<p>Sedachimbote, a trav\u00e9s del jefe de Recursos Humanos, Williams Rodr\u00edguez, y la AFD promovieron esta capacitaci\u00f3n a fin de fortalecer el respeto, las pr\u00e1cticas inclusivas y un entorno laboral m\u00e1s equitativo, participativo y sostenible en la empresa prestadora de servicios. En el taller se abord\u00f3 sobre enfoque de g\u00e9nero, diversidad, equidad, inclusi\u00f3n, entre otros temas.<\/p>\n\n\n\n<figure class=\"wp-block-gallery has-nested-images columns-default is-cropped wp-block-gallery-1 is-layout-flex wp-block-gallery-is-layout-flex\">\n<figure class=\"wp-block-image size-large\"><img fetchpriority=\"high\" decoding=\"async\" width=\"1024\" height=\"682\" data-id=\"5020\" src=\"https:\/\/www.agriculturaenmarcha.com\/wp-content\/uploads\/2025\/09\/WhatsApp-Image-2025-09-19-at-7.27.38-PM-2-1024x682.jpeg\" alt=\"\" class=\"wp-image-5020\" srcset=\"https:\/\/www.agriculturaenmarcha.com\/wp-content\/uploads\/2025\/09\/WhatsApp-Image-2025-09-19-at-7.27.38-PM-2-1024x682.jpeg 1024w, https:\/\/www.agriculturaenmarcha.com\/wp-content\/uploads\/2025\/09\/WhatsApp-Image-2025-09-19-at-7.27.38-PM-2-300x200.jpeg 300w, https:\/\/www.agriculturaenmarcha.com\/wp-content\/uploads\/2025\/09\/WhatsApp-Image-2025-09-19-at-7.27.38-PM-2-768x512.jpeg 768w, https:\/\/www.agriculturaenmarcha.com\/wp-content\/uploads\/2025\/09\/WhatsApp-Image-2025-09-19-at-7.27.38-PM-2-1536x1023.jpeg 1536w, https:\/\/www.agriculturaenmarcha.com\/wp-content\/uploads\/2025\/09\/WhatsApp-Image-2025-09-19-at-7.27.38-PM-2-640x426.jpeg 640w, https:\/\/www.agriculturaenmarcha.com\/wp-content\/uploads\/2025\/09\/WhatsApp-Image-2025-09-19-at-7.27.38-PM-2.jpeg 1600w\" sizes=\"(max-width: 1024px) 100vw, 1024px\" \/><\/figure>\n\n\n\n<figure class=\"wp-block-image size-large\"><img decoding=\"async\" width=\"1024\" height=\"682\" data-id=\"5019\" src=\"https:\/\/www.agriculturaenmarcha.com\/wp-content\/uploads\/2025\/09\/WhatsApp-Image-2025-09-19-at-7.27.39-PM-1-1024x682.jpeg\" alt=\"\" class=\"wp-image-5019\" srcset=\"https:\/\/www.agriculturaenmarcha.com\/wp-content\/uploads\/2025\/09\/WhatsApp-Image-2025-09-19-at-7.27.39-PM-1-1024x682.jpeg 1024w, https:\/\/www.agriculturaenmarcha.com\/wp-content\/uploads\/2025\/09\/WhatsApp-Image-2025-09-19-at-7.27.39-PM-1-300x200.jpeg 300w, https:\/\/www.agriculturaenmarcha.com\/wp-content\/uploads\/2025\/09\/WhatsApp-Image-2025-09-19-at-7.27.39-PM-1-768x512.jpeg 768w, https:\/\/www.agriculturaenmarcha.com\/wp-content\/uploads\/2025\/09\/WhatsApp-Image-2025-09-19-at-7.27.39-PM-1-1536x1023.jpeg 1536w, https:\/\/www.agriculturaenmarcha.com\/wp-content\/uploads\/2025\/09\/WhatsApp-Image-2025-09-19-at-7.27.39-PM-1-640x426.jpeg 640w, https:\/\/www.agriculturaenmarcha.com\/wp-content\/uploads\/2025\/09\/WhatsApp-Image-2025-09-19-at-7.27.39-PM-1.jpeg 1600w\" sizes=\"(max-width: 1024px) 100vw, 1024px\" \/><\/figure>\n<\/figure>\n","protected":false},"excerpt":{"rendered":"<p>El presidente del directorio de Sedachimbote, Dr. V\u00edctor S\u00edchez Mu\u00f1oz, se hizo presente en la capacitaci\u00f3n sobre inclusi\u00f3n y equidad de g\u00e9nero que promovi\u00f3 la empresa prestadora de servicios en los trabajadores y ratific\u00f3 su compromiso de seguir fomentando estas importantes pr\u00e1cticas que son pol\u00edticas de su gesti\u00f3n. Fueron dos d\u00edas de charlas que dictaron [&hellip;]<\/p>\n","protected":false},"author":2,"featured_media":5018,"comment_status":"open","ping_status":"open","sticky":false,"template":"","format":"standard","meta":{"footnotes":""},"categories":[16,31],"tags":[],"class_list":["post-5017","post","type-post","status-publish","format-standard","has-post-thumbnail","hentry","category-chimbote","category-populares"],"aioseo_notices":[],"_links":{"self":[{"href":"https:\/\/www.agriculturaenmarcha.com\/index.php\/wp-json\/wp\/v2\/posts\/5017","targetHints":{"allow":["GET"]}}],"collection":[{"href":"https:\/\/www.agriculturaenmarcha.com\/index.php\/wp-json\/wp\/v2\/posts"}],"about":[{"href":"https:\/\/www.agriculturaenmarcha.com\/index.php\/wp-json\/wp\/v2\/types\/post"}],"author":[{"embeddable":true,"href":"https:\/\/www.agriculturaenmarcha.com\/index.php\/wp-json\/wp\/v2\/users\/2"}],"replies":[{"embeddable":true,"href":"https:\/\/www.agriculturaenmarcha.com\/index.php\/wp-json\/wp\/v2\/comments?post=5017"}],"version-history":[{"count":1,"href":"https:\/\/www.agriculturaenmarcha.com\/index.php\/wp-json\/wp\/v2\/posts\/5017\/revisions"}],"predecessor-version":[{"id":5021,"href":"https:\/\/www.agriculturaenmarcha.com\/index.php\/wp-json\/wp\/v2\/posts\/5017\/revisions\/5021"}],"wp:featuredmedia":[{"embeddable":true,"href":"https:\/\/www.agriculturaenmarcha.com\/index.php\/wp-json\/wp\/v2\/media\/5018"}],"wp:attachment":[{"href":"https:\/\/www.agriculturaenmarcha.com\/index.php\/wp-json\/wp\/v2\/media?parent=5017"}],"wp:term":[{"taxonomy":"category","embeddable":true,"href":"https:\/\/www.agriculturaenmarcha.com\/index.php\/wp-json\/wp\/v2\/categories?post=5017"},{"taxonomy":"post_tag","embeddable":true,"href":"https:\/\/www.agriculturaenmarcha.com\/index.php\/wp-json\/wp\/v2\/tags?post=5017"}],"curies":[{"name":"wp","href":"https:\/\/api.w.org\/{rel}","templated":true}]}}