{"id":5049,"date":"2025-09-29T11:19:40","date_gmt":"2025-09-29T16:19:40","guid":{"rendered":"https:\/\/www.agriculturaenmarcha.com\/?p=5049"},"modified":"2025-09-29T11:19:46","modified_gmt":"2025-09-29T16:19:46","slug":"leonor-martin-ames-resalta-avances-en-gestion-hidrica-y-anuncia-su-postulacion-a-la-reeleccion-en-la-junta-de-usuarios-santa-alto-medio","status":"publish","type":"post","link":"https:\/\/www.agriculturaenmarcha.com\/index.php\/2025\/09\/29\/leonor-martin-ames-resalta-avances-en-gestion-hidrica-y-anuncia-su-postulacion-a-la-reeleccion-en-la-junta-de-usuarios-santa-alto-medio\/","title":{"rendered":"Leonor Mart\u00edn Ames resalta avances en gesti\u00f3n h\u00eddrica y anuncia su postulaci\u00f3n a la reelecci\u00f3n en la Junta de Usuarios Santa Alto Medio"},"content":{"rendered":"\n<p>En entrevista exclusiva para el programa radial <em>Agricultura en Marcha<\/em>, el presidente de la Junta de Usuarios Santa Alto Medio, <strong>Leonor Mart\u00edn Ames<\/strong>, confirm\u00f3 su postulaci\u00f3n a la reelecci\u00f3n, destacando los avances alcanzados durante su gesti\u00f3n gracias al trabajo en equipo con su consejo directivo y la Autoridad Local de Agua de Huaraz.<\/p>\n\n\n\n<p>Mart\u00edn Ames subray\u00f3 que se ha logrado implementar un proceso de reingenier\u00eda institucional que permiti\u00f3 contar con un gerente t\u00e9cnico y personal especializado en cumplimiento de la normativa vigente. \u201cHoy tenemos un equipo t\u00e9cnico completo, cuentas claras y un sistema de software que garantiza una cobranza adecuada y transparente\u201d, afirm\u00f3.<\/p>\n\n\n\n<p>Entre los principales logros, resalt\u00f3 la iniciativa de modificar la Ley de Consejos de Cuencas para constituir el <strong>Consejo de Cuenca Regional del Santa<\/strong>, tarea que se viene impulsando con el respaldo de la congresista Kelly Portalatino.<\/p>\n\n\n\n<p>En cuanto al padr\u00f3n electoral, Mart\u00edn Ames precis\u00f3 que actualmente la Junta cuenta con <strong>30 mil usuarios h\u00e1biles organizados en 37 comisiones de regantes<\/strong>, y que tras el proceso de validaci\u00f3n con la Autoridad Local de Agua de Huaraz, ser\u00e1n <strong>23 mil los usuarios habilitados<\/strong> quienes participar\u00e1n en las pr\u00f3ximas elecciones.<\/p>\n\n\n\n<p>\u201cEste trabajo nos ha permitido consolidar una instituci\u00f3n fortalecida y con visi\u00f3n de futuro, capaz de defender los intereses de nuestros usuarios y garantizar el uso sostenible del agua\u201d, puntualiz\u00f3.<\/p>\n","protected":false},"excerpt":{"rendered":"<p>En entrevista exclusiva para el programa radial Agricultura en Marcha, el presidente de la Junta de Usuarios Santa Alto Medio, Leonor Mart\u00edn Ames, confirm\u00f3 su postulaci\u00f3n a la reelecci\u00f3n, destacando los avances alcanzados durante su gesti\u00f3n gracias al trabajo en equipo con su consejo directivo y la Autoridad Local de Agua de Huaraz. Mart\u00edn Ames [&hellip;]<\/p>\n","protected":false},"author":2,"featured_media":5050,"comment_status":"open","ping_status":"open","sticky":false,"template":"","format":"standard","meta":{"footnotes":""},"categories":[20,17],"tags":[],"class_list":["post-5049","post","type-post","status-publish","format-standard","has-post-thumbnail","hentry","category-politica","category-region-ancash"],"aioseo_notices":[],"_links":{"self":[{"href":"https:\/\/www.agriculturaenmarcha.com\/index.php\/wp-json\/wp\/v2\/posts\/5049","targetHints":{"allow":["GET"]}}],"collection":[{"href":"https:\/\/www.agriculturaenmarcha.com\/index.php\/wp-json\/wp\/v2\/posts"}],"about":[{"href":"https:\/\/www.agriculturaenmarcha.com\/index.php\/wp-json\/wp\/v2\/types\/post"}],"author":[{"embeddable":true,"href":"https:\/\/www.agriculturaenmarcha.com\/index.php\/wp-json\/wp\/v2\/users\/2"}],"replies":[{"embeddable":true,"href":"https:\/\/www.agriculturaenmarcha.com\/index.php\/wp-json\/wp\/v2\/comments?post=5049"}],"version-history":[{"count":1,"href":"https:\/\/www.agriculturaenmarcha.com\/index.php\/wp-json\/wp\/v2\/posts\/5049\/revisions"}],"predecessor-version":[{"id":5051,"href":"https:\/\/www.agriculturaenmarcha.com\/index.php\/wp-json\/wp\/v2\/posts\/5049\/revisions\/5051"}],"wp:featuredmedia":[{"embeddable":true,"href":"https:\/\/www.agriculturaenmarcha.com\/index.php\/wp-json\/wp\/v2\/media\/5050"}],"wp:attachment":[{"href":"https:\/\/www.agriculturaenmarcha.com\/index.php\/wp-json\/wp\/v2\/media?parent=5049"}],"wp:term":[{"taxonomy":"category","embeddable":true,"href":"https:\/\/www.agriculturaenmarcha.com\/index.php\/wp-json\/wp\/v2\/categories?post=5049"},{"taxonomy":"post_tag","embeddable":true,"href":"https:\/\/www.agriculturaenmarcha.com\/index.php\/wp-json\/wp\/v2\/tags?post=5049"}],"curies":[{"name":"wp","href":"https:\/\/api.w.org\/{rel}","templated":true}]}}