{"id":5052,"date":"2025-09-30T10:35:48","date_gmt":"2025-09-30T15:35:48","guid":{"rendered":"https:\/\/www.agriculturaenmarcha.com\/?p=5052"},"modified":"2025-09-30T10:35:51","modified_gmt":"2025-09-30T15:35:51","slug":"irchim-90-dias-para-irse-y-la-plata-no-aparece","status":"publish","type":"post","link":"https:\/\/www.agriculturaenmarcha.com\/index.php\/2025\/09\/30\/irchim-90-dias-para-irse-y-la-plata-no-aparece\/","title":{"rendered":"IRCHIM 90 d\u00edas para irse\u2026 y la plata no aparece"},"content":{"rendered":"\n<p>El presidente de la Comisi\u00f3n de Usuarios Lacramarca Baja, <strong>Santos Ramiro Castro Rodr\u00edguez<\/strong>, expres\u00f3 su malestar tras recibir la respuesta oficial del presidente de la Junta de Usuarios Irchim, <strong>Linder Mauricio Diestra<\/strong>, quien mediante el <strong>Oficio N.\u00b0 561-2025-JUSHMI-CH-PRE\/LFMD<\/strong> desestim\u00f3 la transferencia de <strong>S\/ 155,383.55<\/strong> correspondiente a un expediente de demanda.<\/p>\n\n\n\n<p>Castro Rodr\u00edguez lament\u00f3 que el Consejo Directivo de Irchim mantenga, seg\u00fan dijo, una \u201cconstante renuencia\u201d a cumplir con la obligaci\u00f3n legal de transferir lo recaudado por la tarifa de agua. Ante ello, anunci\u00f3 que los agricultores de Lacramarca Baja iniciar\u00e1n <strong>medidas de protesta y plantones<\/strong> frente a la <strong>Autoridad Local de Agua<\/strong>, exigiendo el inicio inmediato de un <strong>proceso administrativo sancionador (PAS)<\/strong> contra la Junta de Usuarios Irchim y sus directivos.<\/p>\n\n\n\n<blockquote class=\"wp-block-quote is-layout-flow wp-block-quote-is-layout-flow\">\n<p>\u201cLamentamos tener que movilizar a los agricultores hasta el local de Irchim. Esa ser\u00e1 la primera medida de protesta. Luego iremos ante la Autoridad Local de Agua, porque el ingeniero Jorge Mej\u00eda Vargas conoce el problema y no entendemos por qu\u00e9 en cuatro a\u00f1os no se inicia el PAS contra la Junta, pese a nuestros reiterados pedidos. \u00bfA qui\u00e9n protege? Eso tendr\u00e1 que responder pronto\u201d, se\u00f1al\u00f3 con firmeza el dirigente.<\/p>\n<\/blockquote>\n\n\n\n<p>El conflicto se agrava debido a que tanto el presidente de la Junta, <strong>Linder Mauricio<\/strong>, como el tesorero <strong>Romel Paz<\/strong>, reconocieron p\u00fablicamente que el dinero existe, sin embargo, hasta la fecha se niegan a transferirlo. La incertidumbre crece porque faltan apenas <strong>90 d\u00edas para que concluya la actual gesti\u00f3n<\/strong>, y los agricultores a\u00fan no saben <strong>d\u00f3nde est\u00e1 el dinero ni por qu\u00e9 se retiene sin explicaci\u00f3n<\/strong>.<\/p>\n","protected":false},"excerpt":{"rendered":"<p>El presidente de la Comisi\u00f3n de Usuarios Lacramarca Baja, Santos Ramiro Castro Rodr\u00edguez, expres\u00f3 su malestar tras recibir la respuesta oficial del presidente de la Junta de Usuarios Irchim, Linder Mauricio Diestra, quien mediante el Oficio N.\u00b0 561-2025-JUSHMI-CH-PRE\/LFMD desestim\u00f3 la transferencia de S\/ 155,383.55 correspondiente a un expediente de demanda. Castro Rodr\u00edguez lament\u00f3 que el [&hellip;]<\/p>\n","protected":false},"author":2,"featured_media":5053,"comment_status":"open","ping_status":"open","sticky":false,"template":"","format":"standard","meta":{"footnotes":""},"categories":[25,31],"tags":[],"class_list":["post-5052","post","type-post","status-publish","format-standard","has-post-thumbnail","hentry","category-destacadas","category-populares"],"aioseo_notices":[],"_links":{"self":[{"href":"https:\/\/www.agriculturaenmarcha.com\/index.php\/wp-json\/wp\/v2\/posts\/5052","targetHints":{"allow":["GET"]}}],"collection":[{"href":"https:\/\/www.agriculturaenmarcha.com\/index.php\/wp-json\/wp\/v2\/posts"}],"about":[{"href":"https:\/\/www.agriculturaenmarcha.com\/index.php\/wp-json\/wp\/v2\/types\/post"}],"author":[{"embeddable":true,"href":"https:\/\/www.agriculturaenmarcha.com\/index.php\/wp-json\/wp\/v2\/users\/2"}],"replies":[{"embeddable":true,"href":"https:\/\/www.agriculturaenmarcha.com\/index.php\/wp-json\/wp\/v2\/comments?post=5052"}],"version-history":[{"count":1,"href":"https:\/\/www.agriculturaenmarcha.com\/index.php\/wp-json\/wp\/v2\/posts\/5052\/revisions"}],"predecessor-version":[{"id":5054,"href":"https:\/\/www.agriculturaenmarcha.com\/index.php\/wp-json\/wp\/v2\/posts\/5052\/revisions\/5054"}],"wp:featuredmedia":[{"embeddable":true,"href":"https:\/\/www.agriculturaenmarcha.com\/index.php\/wp-json\/wp\/v2\/media\/5053"}],"wp:attachment":[{"href":"https:\/\/www.agriculturaenmarcha.com\/index.php\/wp-json\/wp\/v2\/media?parent=5052"}],"wp:term":[{"taxonomy":"category","embeddable":true,"href":"https:\/\/www.agriculturaenmarcha.com\/index.php\/wp-json\/wp\/v2\/categories?post=5052"},{"taxonomy":"post_tag","embeddable":true,"href":"https:\/\/www.agriculturaenmarcha.com\/index.php\/wp-json\/wp\/v2\/tags?post=5052"}],"curies":[{"name":"wp","href":"https:\/\/api.w.org\/{rel}","templated":true}]}}