{"id":5134,"date":"2025-10-29T09:44:04","date_gmt":"2025-10-29T14:44:04","guid":{"rendered":"https:\/\/www.agriculturaenmarcha.com\/?p=5134"},"modified":"2025-10-29T09:47:28","modified_gmt":"2025-10-29T14:47:28","slug":"el-clima-cambia-pero-el-agricultor-no-se-rinde-ingeniero-jorge-meza-apuesta-por-la-accion-y-la-esperanza-en-el-campo","status":"publish","type":"post","link":"https:\/\/www.agriculturaenmarcha.com\/index.php\/2025\/10\/29\/el-clima-cambia-pero-el-agricultor-no-se-rinde-ingeniero-jorge-meza-apuesta-por-la-accion-y-la-esperanza-en-el-campo\/","title":{"rendered":"El clima cambia, pero el agricultor no se rinde: ingeniero Jorge Meza apuesta por la acci\u00f3n y la esperanza en el campo"},"content":{"rendered":"\n<p>El panorama clim\u00e1tico en la costa peruana ha cambiado, y el campo lo siente cada d\u00eda. El ingeniero agr\u00f3nomo <strong>Jorge Meza Cahua<\/strong>, reconocido por su trayectoria en el sector productivo, advierte que el actual <strong>\u201cclima tipo sierra\u201d<\/strong>, donde el sol quema y la sombra enfr\u00eda, est\u00e1 generando un estr\u00e9s creciente en los cultivos.<\/p>\n\n\n\n<p>Durante su entrevista en <em>Agricultura en Marcha<\/em>, Meza relat\u00f3 que la <strong>falta de decisiones r\u00e1pidas<\/strong> puede costar toda una campa\u00f1a, como lo evidenci\u00f3 el reciente ataque de <em>cladosporium<\/em> tras las lluvias, que provoc\u00f3 <strong>p\u00e9rdidas significativas en los campos de mango<\/strong>. Sin embargo, tambi\u00e9n dej\u00f3 un mensaje de esperanza: los efectos del cambio clim\u00e1tico <strong>pueden corregirse en un 80%<\/strong> con una <strong>fertilizaci\u00f3n adecuada, limpieza de ra\u00edces y manejo oportuno del cultivo<\/strong>.<\/p>\n\n\n\n<p>El especialista subray\u00f3 la importancia de la <strong>prevenci\u00f3n y la actualizaci\u00f3n constante del conocimiento t\u00e9cnico<\/strong>, recordando las experiencias compartidas en eventos internacionales junto a BIOVERAN. \u201cSi no cuidamos al agricultor, perdemos todos\u201d, enfatiz\u00f3, haciendo un llamado a la acci\u00f3n conjunta del sector.<\/p>\n\n\n\n<p>Aunque la situaci\u00f3n del mango es complicada y arrastra problemas de campa\u00f1as anteriores, Meza asegura que en la <strong>palta todav\u00eda hay margen para recuperar el equilibrio productivo<\/strong>, inducir la floraci\u00f3n y mejorar la calidad del fruto.<\/p>\n\n\n\n<p>Su mensaje final fue claro y contundente: <strong>el campo no puede esperar<\/strong>. Con decisi\u00f3n, conocimiento y trabajo coordinado, el agricultor puede levantarse ante los nuevos desaf\u00edos del clima y mantener viva la producci\u00f3n que alimenta al pa\u00eds.<\/p>\n\n\n\n<figure class=\"wp-block-image size-large\"><img fetchpriority=\"high\" decoding=\"async\" width=\"1600\" height=\"900\" src=\"https:\/\/www.agriculturaenmarcha.com\/wp-content\/uploads\/2025\/10\/WhatsApp-Image-2025-10-28-at-6.27.11-PM-edited.jpeg\" alt=\"\" class=\"wp-image-5137\" srcset=\"https:\/\/www.agriculturaenmarcha.com\/wp-content\/uploads\/2025\/10\/WhatsApp-Image-2025-10-28-at-6.27.11-PM-edited.jpeg 1600w, https:\/\/www.agriculturaenmarcha.com\/wp-content\/uploads\/2025\/10\/WhatsApp-Image-2025-10-28-at-6.27.11-PM-edited-300x169.jpeg 300w, https:\/\/www.agriculturaenmarcha.com\/wp-content\/uploads\/2025\/10\/WhatsApp-Image-2025-10-28-at-6.27.11-PM-edited-1024x576.jpeg 1024w, https:\/\/www.agriculturaenmarcha.com\/wp-content\/uploads\/2025\/10\/WhatsApp-Image-2025-10-28-at-6.27.11-PM-edited-768x432.jpeg 768w, https:\/\/www.agriculturaenmarcha.com\/wp-content\/uploads\/2025\/10\/WhatsApp-Image-2025-10-28-at-6.27.11-PM-edited-1536x864.jpeg 1536w, https:\/\/www.agriculturaenmarcha.com\/wp-content\/uploads\/2025\/10\/WhatsApp-Image-2025-10-28-at-6.27.11-PM-edited-640x360.jpeg 640w\" sizes=\"(max-width: 1600px) 100vw, 1600px\" \/><\/figure>\n\n\n<figure class=\"wp-block-embed-youtube wp-block-embed is-type-video is-provider-youtube wp-embed-aspect-16-9 wp-has-aspect-ratio\"><div class=\"lyte-wrapper fourthree\" title=\"\ud83c\udf24\ufe0f &ldquo;Clima tipo sierra y p&eacute;rdidas en mango: ingeniero Jorge Meza advierte\" style=\"width:420px;max-width:100%;margin:5px;\"><div class=\"lyMe\" id=\"WYL_MOu82Kyj3TA\" itemprop=\"video\" itemscope itemtype=\"https:\/\/schema.org\/VideoObject\"><div><meta itemprop=\"thumbnailUrl\" content=\"https:\/\/i.ytimg.com\/vi\/MOu82Kyj3TA\/hqdefault.jpg\" \/><meta itemprop=\"embedURL\" content=\"https:\/\/www.youtube.com\/embed\/MOu82Kyj3TA\" \/><meta itemprop=\"duration\" content=\"PT10M38S\" \/><meta itemprop=\"uploadDate\" content=\"2025-10-29T02:54:50Z\" \/><\/div><div id=\"lyte_MOu82Kyj3TA\" data-src=\"https:\/\/i.ytimg.com\/vi\/MOu82Kyj3TA\/hqdefault.jpg\" class=\"pL\"><div class=\"tC\"><div class=\"tT\" itemprop=\"name\">\ud83c\udf24\ufe0f \u201cClima tipo sierra y p\u00e9rdidas en mango: ingeniero Jorge Meza advierte<\/div><\/div><div class=\"play\"><\/div><div class=\"ctrl\"><div class=\"Lctrl\"><\/div><div class=\"Rctrl\"><\/div><\/div><\/div><noscript><a href=\"https:\/\/youtu.be\/MOu82Kyj3TA\" rel=\"nofollow\"><img decoding=\"async\" src=\"https:\/\/i.ytimg.com\/vi\/MOu82Kyj3TA\/0.jpg\" alt=\"\ud83c\udf24\ufe0f &ldquo;Clima tipo sierra y p&eacute;rdidas en mango: ingeniero Jorge Meza advierte\" width=\"420\" height=\"295\" \/><br \/>Watch this video on YouTube<\/a><\/noscript><meta itemprop=\"description\" content=\"En esta segunda parte de la entrevista, el ingeniero agr\u00f3nomo Jorge Meza Cahua explica los efectos del nuevo \u201cclima tipo sierra\u201d que ya se siente en la costa: el sol quema, la sombra enfr\u00eda, y las plantas lo resienten. Meza relata c\u00f3mo la falta de decisiones r\u00e1pidas puede costar toda una campa\u00f1a, como ocurri\u00f3 con el ataque de cladosporium tras las lluvias, que provoc\u00f3 fuertes p\u00e9rdidas en mango. Subraya que la fertilizaci\u00f3n, limpieza de ra\u00edces y manejo oportuno son claves para adaptarse al cambio clim\u00e1tico y evitar el colapso productivo. Adem\u00e1s, destaca los aprendizajes obtenidos en eventos internacionales junto a otros profesionales y recuerda que \u201csi no cuidamos al agricultor, perdemos todos\u201d. En palta a\u00fan hay margen de maniobra, pero el mango atraviesa un a\u00f1o cr\u00edtico. El mensaje es claro: el campo no puede esperar. SUSCR\u00cdBETE \u2192 \/ https:\/\/www.youtube.com\/@AgriculturaenMarcha Participacion por WhatsApp \u2192 981 535540 M\u00e1s noticias \u2192 agriculturaenmarcha.com TikTok: https:\/\/www.tiktok.com\/@miguelangelpalomi594 Facebook: \/ https:\/\/www.facebook.com\/agriculturaenmarcha\/\"><\/div><\/div><div class=\"lL\" style=\"max-width:100%;width:420px;margin:5px;\"><\/div><figcaption><\/figcaption><\/figure>","protected":false},"excerpt":{"rendered":"<p>El panorama clim\u00e1tico en la costa peruana ha cambiado, y el campo lo siente cada d\u00eda. El ingeniero agr\u00f3nomo Jorge Meza Cahua, reconocido por su trayectoria en el sector productivo, advierte que el actual \u201cclima tipo sierra\u201d, donde el sol quema y la sombra enfr\u00eda, est\u00e1 generando un estr\u00e9s creciente en los cultivos. Durante su [&hellip;]<\/p>\n","protected":false},"author":2,"featured_media":5135,"comment_status":"open","ping_status":"open","sticky":false,"template":"","format":"standard","meta":{"footnotes":""},"categories":[24,31],"tags":[],"class_list":["post-5134","post","type-post","status-publish","format-standard","has-post-thumbnail","hentry","category-noticia-grande","category-populares"],"aioseo_notices":[],"_links":{"self":[{"href":"https:\/\/www.agriculturaenmarcha.com\/index.php\/wp-json\/wp\/v2\/posts\/5134","targetHints":{"allow":["GET"]}}],"collection":[{"href":"https:\/\/www.agriculturaenmarcha.com\/index.php\/wp-json\/wp\/v2\/posts"}],"about":[{"href":"https:\/\/www.agriculturaenmarcha.com\/index.php\/wp-json\/wp\/v2\/types\/post"}],"author":[{"embeddable":true,"href":"https:\/\/www.agriculturaenmarcha.com\/index.php\/wp-json\/wp\/v2\/users\/2"}],"replies":[{"embeddable":true,"href":"https:\/\/www.agriculturaenmarcha.com\/index.php\/wp-json\/wp\/v2\/comments?post=5134"}],"version-history":[{"count":2,"href":"https:\/\/www.agriculturaenmarcha.com\/index.php\/wp-json\/wp\/v2\/posts\/5134\/revisions"}],"predecessor-version":[{"id":5139,"href":"https:\/\/www.agriculturaenmarcha.com\/index.php\/wp-json\/wp\/v2\/posts\/5134\/revisions\/5139"}],"wp:featuredmedia":[{"embeddable":true,"href":"https:\/\/www.agriculturaenmarcha.com\/index.php\/wp-json\/wp\/v2\/media\/5135"}],"wp:attachment":[{"href":"https:\/\/www.agriculturaenmarcha.com\/index.php\/wp-json\/wp\/v2\/media?parent=5134"}],"wp:term":[{"taxonomy":"category","embeddable":true,"href":"https:\/\/www.agriculturaenmarcha.com\/index.php\/wp-json\/wp\/v2\/categories?post=5134"},{"taxonomy":"post_tag","embeddable":true,"href":"https:\/\/www.agriculturaenmarcha.com\/index.php\/wp-json\/wp\/v2\/tags?post=5134"}],"curies":[{"name":"wp","href":"https:\/\/api.w.org\/{rel}","templated":true}]}}