{"id":5209,"date":"2025-11-22T11:28:47","date_gmt":"2025-11-22T16:28:47","guid":{"rendered":"https:\/\/www.agriculturaenmarcha.com\/?p=5209"},"modified":"2025-11-22T11:28:50","modified_gmt":"2025-11-22T16:28:50","slug":"sedachimbote-lanza-agua-para-mi-barrio-el-programa-que-por-fin-llevara-servicios-a-decenas-de-pueblos-de-la-ciudad","status":"publish","type":"post","link":"https:\/\/www.agriculturaenmarcha.com\/index.php\/2025\/11\/22\/sedachimbote-lanza-agua-para-mi-barrio-el-programa-que-por-fin-llevara-servicios-a-decenas-de-pueblos-de-la-ciudad\/","title":{"rendered":"Sedachimbote lanza \u201cAgua para mi Barrio\u201d, el programa que por fin llevar\u00e1 servicios a decenas de pueblos de la ciudad"},"content":{"rendered":"\n<p>Sedachimbote present\u00f3 una gran alternativa que permitir\u00e1 a pueblos sin acceso a los servicios b\u00e1sicos a contar con ellos mediante la ejecuci\u00f3n de obras comunales, previa evaluaci\u00f3n t\u00e9cnica.<\/p>\n\n\n\n<p>Se trata del programa Agua para Mi Barrio, que es impulsado por el director, Dr. V\u00edctor Sichez Mu\u00f1oz y que ha sido puesto en marcha por el gerente general, Ing. R\u00f3mulo Ant\u00fanez Ant\u00fanez, junto a su equipo t\u00e9cnico<\/p>\n\n\n\n<p>Esta tarde se realiz\u00f3 una reuni\u00f3n informativa con un centenar de dirigentes de pueblos y comunidades a quienes se les di\u00f3 los alcances t\u00e9cnicos y administrativos de este plan de saneamiento.<\/p>\n\n\n\n<p>El objetivo es claro: instalar redes de agua y alcantarillado en poblaciones que se encuentren cerca de una tuber\u00eda matriz y que el proyecto sea declarado factible t\u00e9cnicamente.<\/p>\n\n\n\n<p>Esta iniciativa de Sedachimbote cuenta con una directiva que est\u00e1 amparada en la Ley N\u00b0 32065 y el DL. N\u00b01280<\/p>\n\n\n\n<p>&#8220;Estas familias no pueden esperar m\u00e1s por sus servicios b\u00e1sicos por lo que debemos hacer algo juntos.Cada pueblo tiene una situaci\u00f3n distinta que ser\u00e1 evaluada y hacerlo realidad ser\u00e1 fruto del esfuerzo de Sedachimbote y el pueblo&#8221; manifest\u00f3 el gerente general de Sedachimbote, quien enfatiz\u00f3 que este programa no afectar\u00e1 el megaproyecto Grandes Ciudades.<\/p>\n\n\n\n<p>Se conformar\u00e1n equipos con especialistas de la Gerencia T\u00e9cnica y de la Gerencia Comercial de Sedachimbote que evaluar\u00e1n la situaci\u00f3n de cada pueblo que solicite acogerse al programa Agua para Mi Barrio. Para mayor informaci\u00f3n puede acercarse a las oficinas de la empresa o estar al tanto de las publicaciones en las redes sociales de la instituci\u00f3n.<\/p>\n\n\n\n<figure class=\"wp-block-gallery has-nested-images columns-default is-cropped wp-block-gallery-1 is-layout-flex wp-block-gallery-is-layout-flex\">\n<figure class=\"wp-block-image size-large\"><img fetchpriority=\"high\" decoding=\"async\" width=\"1024\" height=\"682\" data-id=\"5211\" src=\"https:\/\/www.agriculturaenmarcha.com\/wp-content\/uploads\/2025\/11\/WhatsApp-Image-2025-11-20-at-5.51.18-PM-2-1024x682.jpeg\" alt=\"\" class=\"wp-image-5211\" srcset=\"https:\/\/www.agriculturaenmarcha.com\/wp-content\/uploads\/2025\/11\/WhatsApp-Image-2025-11-20-at-5.51.18-PM-2-1024x682.jpeg 1024w, https:\/\/www.agriculturaenmarcha.com\/wp-content\/uploads\/2025\/11\/WhatsApp-Image-2025-11-20-at-5.51.18-PM-2-300x200.jpeg 300w, https:\/\/www.agriculturaenmarcha.com\/wp-content\/uploads\/2025\/11\/WhatsApp-Image-2025-11-20-at-5.51.18-PM-2-768x512.jpeg 768w, https:\/\/www.agriculturaenmarcha.com\/wp-content\/uploads\/2025\/11\/WhatsApp-Image-2025-11-20-at-5.51.18-PM-2-1536x1023.jpeg 1536w, https:\/\/www.agriculturaenmarcha.com\/wp-content\/uploads\/2025\/11\/WhatsApp-Image-2025-11-20-at-5.51.18-PM-2-640x426.jpeg 640w, https:\/\/www.agriculturaenmarcha.com\/wp-content\/uploads\/2025\/11\/WhatsApp-Image-2025-11-20-at-5.51.18-PM-2.jpeg 1600w\" sizes=\"(max-width: 1024px) 100vw, 1024px\" \/><\/figure>\n<\/figure>\n","protected":false},"excerpt":{"rendered":"<p>Sedachimbote present\u00f3 una gran alternativa que permitir\u00e1 a pueblos sin acceso a los servicios b\u00e1sicos a contar con ellos mediante la ejecuci\u00f3n de obras comunales, previa evaluaci\u00f3n t\u00e9cnica. Se trata del programa Agua para Mi Barrio, que es impulsado por el director, Dr. V\u00edctor Sichez Mu\u00f1oz y que ha sido puesto en marcha por el [&hellip;]<\/p>\n","protected":false},"author":2,"featured_media":5210,"comment_status":"open","ping_status":"open","sticky":false,"template":"","format":"standard","meta":{"footnotes":""},"categories":[25,31],"tags":[],"class_list":["post-5209","post","type-post","status-publish","format-standard","has-post-thumbnail","hentry","category-destacadas","category-populares"],"aioseo_notices":[],"_links":{"self":[{"href":"https:\/\/www.agriculturaenmarcha.com\/index.php\/wp-json\/wp\/v2\/posts\/5209","targetHints":{"allow":["GET"]}}],"collection":[{"href":"https:\/\/www.agriculturaenmarcha.com\/index.php\/wp-json\/wp\/v2\/posts"}],"about":[{"href":"https:\/\/www.agriculturaenmarcha.com\/index.php\/wp-json\/wp\/v2\/types\/post"}],"author":[{"embeddable":true,"href":"https:\/\/www.agriculturaenmarcha.com\/index.php\/wp-json\/wp\/v2\/users\/2"}],"replies":[{"embeddable":true,"href":"https:\/\/www.agriculturaenmarcha.com\/index.php\/wp-json\/wp\/v2\/comments?post=5209"}],"version-history":[{"count":1,"href":"https:\/\/www.agriculturaenmarcha.com\/index.php\/wp-json\/wp\/v2\/posts\/5209\/revisions"}],"predecessor-version":[{"id":5212,"href":"https:\/\/www.agriculturaenmarcha.com\/index.php\/wp-json\/wp\/v2\/posts\/5209\/revisions\/5212"}],"wp:featuredmedia":[{"embeddable":true,"href":"https:\/\/www.agriculturaenmarcha.com\/index.php\/wp-json\/wp\/v2\/media\/5210"}],"wp:attachment":[{"href":"https:\/\/www.agriculturaenmarcha.com\/index.php\/wp-json\/wp\/v2\/media?parent=5209"}],"wp:term":[{"taxonomy":"category","embeddable":true,"href":"https:\/\/www.agriculturaenmarcha.com\/index.php\/wp-json\/wp\/v2\/categories?post=5209"},{"taxonomy":"post_tag","embeddable":true,"href":"https:\/\/www.agriculturaenmarcha.com\/index.php\/wp-json\/wp\/v2\/tags?post=5209"}],"curies":[{"name":"wp","href":"https:\/\/api.w.org\/{rel}","templated":true}]}}