{"id":5318,"date":"2026-01-12T11:44:16","date_gmt":"2026-01-12T16:44:16","guid":{"rendered":"https:\/\/www.agriculturaenmarcha.com\/?p=5318"},"modified":"2026-01-12T11:44:19","modified_gmt":"2026-01-12T16:44:19","slug":"conflicto-laboral-sacude-la-agroindustria-en-chao-huelga-en-hass-peru","status":"publish","type":"post","link":"https:\/\/www.agriculturaenmarcha.com\/index.php\/2026\/01\/12\/conflicto-laboral-sacude-la-agroindustria-en-chao-huelga-en-hass-peru\/","title":{"rendered":"Conflicto laboral sacude la agroindustria en Chao: huelga en Hass Per\u00fa"},"content":{"rendered":"\n<p><strong>Trabajadores de la empresa agroexportadora Hass Per\u00fa, ubicada en el distrito de Chao, provincia de Vir\u00fa, paralizaron labores en protesta por los bajos salarios, la falta de beneficios laborales y condiciones de trabajo que consideran injustas.<\/strong><\/p>\n\n\n\n<p>Los manifestantes denuncian que <strong>desde hace meses vienen presentando reclamos formales<\/strong> sin recibir respuesta por parte de la empresa, exigiendo el respeto a sus derechos laborales y una mejora real en sus ingresos, en un contexto de alto costo de vida y exigencias productivas crecientes.<\/p>\n\n\n\n<p>La huelga <strong>afecta directamente la cadena agroindustrial de La Libertad<\/strong>, uno de los principales motores econ\u00f3micos de la regi\u00f3n, generando retrasos en la producci\u00f3n y poniendo en evidencia la fragilidad de las relaciones laborales en el sector agroexportador.<\/p>\n\n\n\n<p>Hasta el cierre de esta nota, <strong>no se ha anunciado la instalaci\u00f3n de una mesa de di\u00e1logo<\/strong>, lo que mantiene el conflicto abierto y eleva la tensi\u00f3n entre los trabajadores y la empresa.<\/p>\n\n\n\n<figure class=\"wp-block-image size-large\"><img fetchpriority=\"high\" decoding=\"async\" width=\"1024\" height=\"576\" src=\"https:\/\/www.agriculturaenmarcha.com\/wp-content\/uploads\/2026\/01\/cvbm-1024x576.jpg\" alt=\"\" class=\"wp-image-5320\" srcset=\"https:\/\/www.agriculturaenmarcha.com\/wp-content\/uploads\/2026\/01\/cvbm-1024x576.jpg 1024w, https:\/\/www.agriculturaenmarcha.com\/wp-content\/uploads\/2026\/01\/cvbm-300x169.jpg 300w, https:\/\/www.agriculturaenmarcha.com\/wp-content\/uploads\/2026\/01\/cvbm-768x432.jpg 768w, https:\/\/www.agriculturaenmarcha.com\/wp-content\/uploads\/2026\/01\/cvbm-640x360.jpg 640w, https:\/\/www.agriculturaenmarcha.com\/wp-content\/uploads\/2026\/01\/cvbm.jpg 1280w\" sizes=\"(max-width: 1024px) 100vw, 1024px\" \/><\/figure>\n","protected":false},"excerpt":{"rendered":"<p>Trabajadores de la empresa agroexportadora Hass Per\u00fa, ubicada en el distrito de Chao, provincia de Vir\u00fa, paralizaron labores en protesta por los bajos salarios, la falta de beneficios laborales y condiciones de trabajo que consideran injustas. Los manifestantes denuncian que desde hace meses vienen presentando reclamos formales sin recibir respuesta por parte de la empresa, [&hellip;]<\/p>\n","protected":false},"author":2,"featured_media":5319,"comment_status":"open","ping_status":"open","sticky":false,"template":"","format":"standard","meta":{"footnotes":""},"categories":[31,32],"tags":[],"class_list":["post-5318","post","type-post","status-publish","format-standard","has-post-thumbnail","hentry","category-populares","category-principales"],"aioseo_notices":[],"_links":{"self":[{"href":"https:\/\/www.agriculturaenmarcha.com\/index.php\/wp-json\/wp\/v2\/posts\/5318","targetHints":{"allow":["GET"]}}],"collection":[{"href":"https:\/\/www.agriculturaenmarcha.com\/index.php\/wp-json\/wp\/v2\/posts"}],"about":[{"href":"https:\/\/www.agriculturaenmarcha.com\/index.php\/wp-json\/wp\/v2\/types\/post"}],"author":[{"embeddable":true,"href":"https:\/\/www.agriculturaenmarcha.com\/index.php\/wp-json\/wp\/v2\/users\/2"}],"replies":[{"embeddable":true,"href":"https:\/\/www.agriculturaenmarcha.com\/index.php\/wp-json\/wp\/v2\/comments?post=5318"}],"version-history":[{"count":1,"href":"https:\/\/www.agriculturaenmarcha.com\/index.php\/wp-json\/wp\/v2\/posts\/5318\/revisions"}],"predecessor-version":[{"id":5321,"href":"https:\/\/www.agriculturaenmarcha.com\/index.php\/wp-json\/wp\/v2\/posts\/5318\/revisions\/5321"}],"wp:featuredmedia":[{"embeddable":true,"href":"https:\/\/www.agriculturaenmarcha.com\/index.php\/wp-json\/wp\/v2\/media\/5319"}],"wp:attachment":[{"href":"https:\/\/www.agriculturaenmarcha.com\/index.php\/wp-json\/wp\/v2\/media?parent=5318"}],"wp:term":[{"taxonomy":"category","embeddable":true,"href":"https:\/\/www.agriculturaenmarcha.com\/index.php\/wp-json\/wp\/v2\/categories?post=5318"},{"taxonomy":"post_tag","embeddable":true,"href":"https:\/\/www.agriculturaenmarcha.com\/index.php\/wp-json\/wp\/v2\/tags?post=5318"}],"curies":[{"name":"wp","href":"https:\/\/api.w.org\/{rel}","templated":true}]}}