{"id":5382,"date":"2026-01-14T07:47:05","date_gmt":"2026-01-14T12:47:05","guid":{"rendered":"https:\/\/www.agriculturaenmarcha.com\/?p=5382"},"modified":"2026-01-14T07:47:07","modified_gmt":"2026-01-14T12:47:07","slug":"productores-alertan-baja-injustificada-del-precio-del-mango-en-piura","status":"publish","type":"post","link":"https:\/\/www.agriculturaenmarcha.com\/index.php\/2026\/01\/14\/productores-alertan-baja-injustificada-del-precio-del-mango-en-piura\/","title":{"rendered":"Productores alertan baja injustificada del precio del mango en Piura"},"content":{"rendered":"\n<p>El empresario agrario Hern\u00e1n Roa Burneo advirti\u00f3 que no existe sustento comercial para la reciente ca\u00edda del precio del mango en el mercado piurano, registrada desde la semana pasada en todas las calidades de la fruta.<\/p>\n\n\n\n<p>Indic\u00f3 que algunas empresas est\u00e1n pagando entre 35 y 40 soles por jaba, cuando d\u00edas antes el precio alcanzaba los 50 soles, situaci\u00f3n que afecta a productores que reci\u00e9n inician la cosecha o a\u00fan no la han comenzado.<\/p>\n\n\n\n<script async src=\"https:\/\/pagead2.googlesyndication.com\/pagead\/js\/adsbygoogle.js?client=ca-pub-0387972129725563\"\n     crossorigin=\"anonymous\"><\/script>\n<ins class=\"adsbygoogle\"\n     style=\"display:block; text-align:center;\"\n     data-ad-layout=\"in-article\"\n     data-ad-format=\"fluid\"\n     data-ad-client=\"ca-pub-0387972129725563\"\n     data-ad-slot=\"4050127819\"><\/ins>\n<script>\n     (adsbygoogle = window.adsbygoogle || []).push({});\n<\/script><br>\n\n\n\n\n\n<p>Se\u00f1al\u00f3 que el avance promedio de cosecha es de alrededor del 50%, con rendimientos desiguales entre agricultores, y advirti\u00f3 que la situaci\u00f3n podr\u00eda agravarse ante la amenaza de lluvias y el incremento de temperaturas.<\/p>\n\n\n\n<p>Roa Burneo descart\u00f3 que la decisi\u00f3n de Francia de suspender importaciones de fruta con trazas de pesticidas sea la causa de la baja de precios y consider\u00f3 que el escenario estar\u00eda m\u00e1s vinculado a factores comerciales internacionales. Asimismo, exhort\u00f3 a los productores a informarse sobre el mercado y defender la sostenibilidad de su actividad.<\/p>\n","protected":false},"excerpt":{"rendered":"<p>El empresario agrario Hern\u00e1n Roa Burneo advirti\u00f3 que no existe sustento comercial para la reciente ca\u00edda del precio del mango en el mercado piurano, registrada desde la semana pasada en todas las calidades de la fruta. Indic\u00f3 que algunas empresas est\u00e1n pagando entre 35 y 40 soles por jaba, cuando d\u00edas antes el precio alcanzaba [&hellip;]<\/p>\n","protected":false},"author":2,"featured_media":5383,"comment_status":"open","ping_status":"open","sticky":false,"template":"","format":"standard","meta":{"footnotes":""},"categories":[31,32],"tags":[],"class_list":["post-5382","post","type-post","status-publish","format-standard","has-post-thumbnail","hentry","category-populares","category-principales"],"aioseo_notices":[],"_links":{"self":[{"href":"https:\/\/www.agriculturaenmarcha.com\/index.php\/wp-json\/wp\/v2\/posts\/5382","targetHints":{"allow":["GET"]}}],"collection":[{"href":"https:\/\/www.agriculturaenmarcha.com\/index.php\/wp-json\/wp\/v2\/posts"}],"about":[{"href":"https:\/\/www.agriculturaenmarcha.com\/index.php\/wp-json\/wp\/v2\/types\/post"}],"author":[{"embeddable":true,"href":"https:\/\/www.agriculturaenmarcha.com\/index.php\/wp-json\/wp\/v2\/users\/2"}],"replies":[{"embeddable":true,"href":"https:\/\/www.agriculturaenmarcha.com\/index.php\/wp-json\/wp\/v2\/comments?post=5382"}],"version-history":[{"count":1,"href":"https:\/\/www.agriculturaenmarcha.com\/index.php\/wp-json\/wp\/v2\/posts\/5382\/revisions"}],"predecessor-version":[{"id":5384,"href":"https:\/\/www.agriculturaenmarcha.com\/index.php\/wp-json\/wp\/v2\/posts\/5382\/revisions\/5384"}],"wp:featuredmedia":[{"embeddable":true,"href":"https:\/\/www.agriculturaenmarcha.com\/index.php\/wp-json\/wp\/v2\/media\/5383"}],"wp:attachment":[{"href":"https:\/\/www.agriculturaenmarcha.com\/index.php\/wp-json\/wp\/v2\/media?parent=5382"}],"wp:term":[{"taxonomy":"category","embeddable":true,"href":"https:\/\/www.agriculturaenmarcha.com\/index.php\/wp-json\/wp\/v2\/categories?post=5382"},{"taxonomy":"post_tag","embeddable":true,"href":"https:\/\/www.agriculturaenmarcha.com\/index.php\/wp-json\/wp\/v2\/tags?post=5382"}],"curies":[{"name":"wp","href":"https:\/\/api.w.org\/{rel}","templated":true}]}}