{"id":5394,"date":"2026-01-15T13:01:37","date_gmt":"2026-01-15T18:01:37","guid":{"rendered":"https:\/\/www.agriculturaenmarcha.com\/?p=5394"},"modified":"2026-01-15T13:01:39","modified_gmt":"2026-01-15T18:01:39","slug":"productores-de-mango-alertan-contradiccion-consumo-record-en-ee-uu-pero-precios-a-la-baja-en-el-campo-peruano","status":"publish","type":"post","link":"https:\/\/www.agriculturaenmarcha.com\/index.php\/2026\/01\/15\/productores-de-mango-alertan-contradiccion-consumo-record-en-ee-uu-pero-precios-a-la-baja-en-el-campo-peruano\/","title":{"rendered":"Productores de mango alertan contradicci\u00f3n: consumo r\u00e9cord en EE.UU., pero precios a la baja en el campo peruano"},"content":{"rendered":"\n<p>Mientras el consumo de mango en Estados Unidos alcanza niveles hist\u00f3ricos y las importaciones baten r\u00e9cords, <strong>peque\u00f1os y medianos productores de mango del norte del Per\u00fa advierten una ca\u00edda sostenida en los precios que reciben por su fruta<\/strong>, situaci\u00f3n que pone en riesgo la sostenibilidad de la actividad agr\u00edcola.<\/p>\n\n\n\n<p>De acuerdo con informaci\u00f3n difundida por organismos internacionales y entidades de promoci\u00f3n del consumo, el mango se ha consolidado como un producto habitual en la canasta del consumidor estadounidense, con importaciones que superaron los 140 millones de cajas en 2025. Per\u00fa figura entre los principales pa\u00edses proveedores de este mercado.<\/p>\n\n\n\n<p>Sin embargo, <strong>este crecimiento no se refleja en mejores ingresos para el productor en origen<\/strong>. Agricultores de las principales zonas mangueras del pa\u00eds se\u00f1alan que, pese al aumento del consumo y la demanda internacional, los precios pagados en chacra no cubren los costos de producci\u00f3n, cosecha y transporte.<\/p>\n\n\n\n<script async src=\"https:\/\/pagead2.googlesyndication.com\/pagead\/js\/adsbygoogle.js?client=ca-pub-0387972129725563\"\n     crossorigin=\"anonymous\"><\/script>\n<ins class=\"adsbygoogle\"\n     style=\"display:block; text-align:center;\"\n     data-ad-layout=\"in-article\"\n     data-ad-format=\"fluid\"\n     data-ad-client=\"ca-pub-0387972129725563\"\n     data-ad-slot=\"4050127819\"><\/ins>\n<script>\n     (adsbygoogle = window.adsbygoogle || []).push({});\n<\/script><br>\n\n\n\n<p>\u201cNos dicen que el mango se vende m\u00e1s que nunca, pero a nosotros nos pagan menos. Esa es la contradicci\u00f3n que nadie explica\u201d, se\u00f1alan productores de Piura y Lambayeque, quienes indican que la cadena de valor no est\u00e1 distribuyendo de manera equitativa los beneficios del crecimiento del mercado.<\/p>\n\n\n\n<p>En las \u00faltimas semanas, grupos de productores acordaron no entregar su fruta por debajo de un precio m\u00ednimo referencial, como medida de presi\u00f3n ante la ca\u00edda de los valores en el mercado. No obstante, esta decisi\u00f3n ha dejado al descubierto <strong>una profunda divisi\u00f3n interna<\/strong>, ya que muchos agricultores mantienen contratos vigentes con empresas compradoras, lo que les impide sumarse a acuerdos colectivos.<\/p>\n\n\n\n<p>\u201cEsa realidad nos divide y nos debilita. El productor con contrato y el productor libre no juegan en la misma cancha\u201d, advierten.<\/p>\n\n\n\n<p>Los agricultores tambi\u00e9n expresan su preocupaci\u00f3n por la <strong>ausencia de una institucionalidad s\u00f3lida<\/strong> que los represente y defienda sus intereses. Se\u00f1alan la falta de un comit\u00e9 nacional de productores de mango, as\u00ed como una d\u00e9bil presencia del Estado en la regulaci\u00f3n y articulaci\u00f3n de la cadena comercial.<\/p>\n\n\n\n<p>\u201cEl mercado funciona, el marketing funciona y la exportaci\u00f3n funciona. Lo que no funciona es la protecci\u00f3n del productor\u201d, remarcan.<\/p>\n\n\n\n<p>Finalmente, los productores hicieron un llamado a las autoridades del sector agrario para abrir espacios de di\u00e1logo que permitan transparentar la formaci\u00f3n de precios, fortalecer la organizaci\u00f3n de los agricultores y asegurar que el crecimiento del mango peruano en los mercados internacionales <strong>no se construya a costa del productor m\u00e1s peque\u00f1o<\/strong>.<\/p>\n","protected":false},"excerpt":{"rendered":"<p>Mientras el consumo de mango en Estados Unidos alcanza niveles hist\u00f3ricos y las importaciones baten r\u00e9cords, peque\u00f1os y medianos productores de mango del norte del Per\u00fa advierten una ca\u00edda sostenida en los precios que reciben por su fruta, situaci\u00f3n que pone en riesgo la sostenibilidad de la actividad agr\u00edcola. De acuerdo con informaci\u00f3n difundida por [&hellip;]<\/p>\n","protected":false},"author":2,"featured_media":5395,"comment_status":"open","ping_status":"open","sticky":false,"template":"","format":"standard","meta":{"footnotes":""},"categories":[31,32],"tags":[],"class_list":["post-5394","post","type-post","status-publish","format-standard","has-post-thumbnail","hentry","category-populares","category-principales"],"aioseo_notices":[],"_links":{"self":[{"href":"https:\/\/www.agriculturaenmarcha.com\/index.php\/wp-json\/wp\/v2\/posts\/5394","targetHints":{"allow":["GET"]}}],"collection":[{"href":"https:\/\/www.agriculturaenmarcha.com\/index.php\/wp-json\/wp\/v2\/posts"}],"about":[{"href":"https:\/\/www.agriculturaenmarcha.com\/index.php\/wp-json\/wp\/v2\/types\/post"}],"author":[{"embeddable":true,"href":"https:\/\/www.agriculturaenmarcha.com\/index.php\/wp-json\/wp\/v2\/users\/2"}],"replies":[{"embeddable":true,"href":"https:\/\/www.agriculturaenmarcha.com\/index.php\/wp-json\/wp\/v2\/comments?post=5394"}],"version-history":[{"count":1,"href":"https:\/\/www.agriculturaenmarcha.com\/index.php\/wp-json\/wp\/v2\/posts\/5394\/revisions"}],"predecessor-version":[{"id":5396,"href":"https:\/\/www.agriculturaenmarcha.com\/index.php\/wp-json\/wp\/v2\/posts\/5394\/revisions\/5396"}],"wp:featuredmedia":[{"embeddable":true,"href":"https:\/\/www.agriculturaenmarcha.com\/index.php\/wp-json\/wp\/v2\/media\/5395"}],"wp:attachment":[{"href":"https:\/\/www.agriculturaenmarcha.com\/index.php\/wp-json\/wp\/v2\/media?parent=5394"}],"wp:term":[{"taxonomy":"category","embeddable":true,"href":"https:\/\/www.agriculturaenmarcha.com\/index.php\/wp-json\/wp\/v2\/categories?post=5394"},{"taxonomy":"post_tag","embeddable":true,"href":"https:\/\/www.agriculturaenmarcha.com\/index.php\/wp-json\/wp\/v2\/tags?post=5394"}],"curies":[{"name":"wp","href":"https:\/\/api.w.org\/{rel}","templated":true}]}}