{"id":5455,"date":"2026-01-23T17:22:49","date_gmt":"2026-01-23T22:22:49","guid":{"rendered":"https:\/\/www.agriculturaenmarcha.com\/?p=5455"},"modified":"2026-01-23T17:22:52","modified_gmt":"2026-01-23T22:22:52","slug":"especialista-en-cultivo-de-maiz-participara-en-los-especiales-de-los-sabados-de-agriculturaenmarcha","status":"publish","type":"post","link":"https:\/\/www.agriculturaenmarcha.com\/index.php\/2026\/01\/23\/especialista-en-cultivo-de-maiz-participara-en-los-especiales-de-los-sabados-de-agriculturaenmarcha\/","title":{"rendered":"Especialista en Cultivo de Ma\u00edz participar\u00e1 en \u201cLos Especiales de los S\u00e1bados\u201d de #AgriculturaEnMarcha"},"content":{"rendered":"\n<p>El programa agrario <strong>#AgriculturaEnMarcha \u2013 El Podcast<\/strong> presentar\u00e1 una nueva edici\u00f3n de <em>Los Especiales de los S\u00e1bados<\/em> con la participaci\u00f3n del ingeniero agr\u00f3nomo <strong>Adri\u00e1n Ram\u00edrez Llanos<\/strong>, especialista en el cultivo de ma\u00edz y representante t\u00e9cnico comercial de Silvestre \u00c1ncash.<\/p>\n\n\n\n<p>Durante el espacio se abordar\u00e1 el tema <strong>\u201cPor qu\u00e9 y c\u00f3mo producir m\u00e1s toneladas de ma\u00edz en la misma parcela\u201d<\/strong>, poniendo \u00e9nfasis en el manejo agron\u00f3mico, la fisiolog\u00eda del cultivo, la nutrici\u00f3n y el desarrollo de las plantas como factores clave para mejorar la productividad sin ampliar el \u00e1rea sembrada.<\/p>\n\n\n\n<p>El Ing. Ram\u00edrez Llanos es egresado de la <strong>Universidad Nacional del Santa<\/strong> y cuenta con especializaci\u00f3n en <strong>Fisiolog\u00eda, Nutrici\u00f3n y Desarrollo de Plantas<\/strong> por la <strong>Escuela Superior de Agricultura Luiz de Queiroz de la Universidad de S\u00e3o Paulo (Brasil)<\/strong>, experiencia que permitir\u00e1 ofrecer un enfoque t\u00e9cnico aplicado a la realidad del productor.<\/p>\n\n\n\n<p>La invitaci\u00f3n es para este <strong>s\u00e1bado desde las 6:00 a.m.<\/strong>, a trav\u00e9s de <strong>Radio RSD 102.1 FM<\/strong>, as\u00ed como en las <strong>plataformas digitales<\/strong> de Agricultura en Marcha.<\/p>\n\n\n\n<p>\ud83d\udcf2 M\u00e1s informaci\u00f3n en: <strong>agriculturaenmarcha.com<\/strong><br>\ud83d\udd17 Leer m\u00e1s: <a href=\"https:\/\/www.agriculturaenmarcha.com\/\">https:\/\/www.agriculturaenmarcha.com\/<\/a><br>\ud83d\udce2 YouTube: <a href=\"https:\/\/www.youtube.com\/@AgriculturaenMarcha\">https:\/\/www.youtube.com\/@AgriculturaenMarcha<\/a><br>\ud83d\udce2 Facebook: <a href=\"https:\/\/www.facebook.com\/agriculturaenmarcha\">https:\/\/www.facebook.com\/agriculturaenmarcha<\/a><\/p>\n","protected":false},"excerpt":{"rendered":"<p>El programa agrario #AgriculturaEnMarcha \u2013 El Podcast presentar\u00e1 una nueva edici\u00f3n de Los Especiales de los S\u00e1bados con la participaci\u00f3n del ingeniero agr\u00f3nomo Adri\u00e1n Ram\u00edrez Llanos, especialista en el cultivo de ma\u00edz y representante t\u00e9cnico comercial de Silvestre \u00c1ncash. Durante el espacio se abordar\u00e1 el tema \u201cPor qu\u00e9 y c\u00f3mo producir m\u00e1s toneladas de ma\u00edz [&hellip;]<\/p>\n","protected":false},"author":2,"featured_media":5456,"comment_status":"open","ping_status":"open","sticky":false,"template":"","format":"standard","meta":{"footnotes":""},"categories":[24,31],"tags":[],"class_list":["post-5455","post","type-post","status-publish","format-standard","has-post-thumbnail","hentry","category-noticia-grande","category-populares"],"aioseo_notices":[],"_links":{"self":[{"href":"https:\/\/www.agriculturaenmarcha.com\/index.php\/wp-json\/wp\/v2\/posts\/5455","targetHints":{"allow":["GET"]}}],"collection":[{"href":"https:\/\/www.agriculturaenmarcha.com\/index.php\/wp-json\/wp\/v2\/posts"}],"about":[{"href":"https:\/\/www.agriculturaenmarcha.com\/index.php\/wp-json\/wp\/v2\/types\/post"}],"author":[{"embeddable":true,"href":"https:\/\/www.agriculturaenmarcha.com\/index.php\/wp-json\/wp\/v2\/users\/2"}],"replies":[{"embeddable":true,"href":"https:\/\/www.agriculturaenmarcha.com\/index.php\/wp-json\/wp\/v2\/comments?post=5455"}],"version-history":[{"count":1,"href":"https:\/\/www.agriculturaenmarcha.com\/index.php\/wp-json\/wp\/v2\/posts\/5455\/revisions"}],"predecessor-version":[{"id":5457,"href":"https:\/\/www.agriculturaenmarcha.com\/index.php\/wp-json\/wp\/v2\/posts\/5455\/revisions\/5457"}],"wp:featuredmedia":[{"embeddable":true,"href":"https:\/\/www.agriculturaenmarcha.com\/index.php\/wp-json\/wp\/v2\/media\/5456"}],"wp:attachment":[{"href":"https:\/\/www.agriculturaenmarcha.com\/index.php\/wp-json\/wp\/v2\/media?parent=5455"}],"wp:term":[{"taxonomy":"category","embeddable":true,"href":"https:\/\/www.agriculturaenmarcha.com\/index.php\/wp-json\/wp\/v2\/categories?post=5455"},{"taxonomy":"post_tag","embeddable":true,"href":"https:\/\/www.agriculturaenmarcha.com\/index.php\/wp-json\/wp\/v2\/tags?post=5455"}],"curies":[{"name":"wp","href":"https:\/\/api.w.org\/{rel}","templated":true}]}}