{"id":5524,"date":"2026-01-30T22:53:00","date_gmt":"2026-01-31T03:53:00","guid":{"rendered":"https:\/\/www.agriculturaenmarcha.com\/?p=5524"},"modified":"2026-01-31T22:24:07","modified_gmt":"2026-02-01T03:24:07","slug":"visita-tecnica-a-campos-agricolas-del-pe-chinecas-destaca-potencial-productivo-del-valle-la-carbonera","status":"publish","type":"post","link":"https:\/\/www.agriculturaenmarcha.com\/index.php\/2026\/01\/30\/visita-tecnica-a-campos-agricolas-del-pe-chinecas-destaca-potencial-productivo-del-valle-la-carbonera\/","title":{"rendered":"Visita t\u00e9cnica a campos agr\u00edcolas del PE CHINECAS destaca potencial productivo del valle La Carbonera"},"content":{"rendered":"\n<p>Durante una visita de campo a las \u00e1reas agr\u00edcolas ubicadas en las tierras del Proyecto Especial Chinecas (PE CHINECAS), se constat\u00f3 el avance de la producci\u00f3n de frutas y hortalizas en los valles del Santa y La Carbonera, zonas que vienen consolid\u00e1ndose como un eje estrat\u00e9gico para el desarrollo agrario regional.<\/p>\n\n\n\n<p>En el recorrido se observ\u00f3 la diversidad de cultivos en plena producci\u00f3n, as\u00ed como el esfuerzo sostenido de los agricultores, quienes expusieron de manera directa las principales dificultades que enfrenta el sector. Entre las problem\u00e1ticas m\u00e1s recurrentes se encuentran la inseguridad en la posesi\u00f3n de la tierra, el acceso y uso eficiente del recurso h\u00eddrico, y la necesidad de fortalecer y ampliar las cadenas productivas para mejorar la competitividad de la agricultura local.<\/p>\n\n\n\n<script async src=\"https:\/\/pagead2.googlesyndication.com\/pagead\/js\/adsbygoogle.js?client=ca-pub-0387972129725563\"\n     crossorigin=\"anonymous\"><\/script>\n<ins class=\"adsbygoogle\"\n     style=\"display:block; text-align:center;\"\n     data-ad-layout=\"in-article\"\n     data-ad-format=\"fluid\"\n     data-ad-client=\"ca-pub-0387972129725563\"\n     data-ad-slot=\"4050127819\"><\/ins>\n<script>\n     (adsbygoogle = window.adsbygoogle || []).push({});\n<\/script><br>\n\n\n\n<p>La visita fue guiada por Jos\u00e9 Cabanillas, junto a directivos de la Asociaci\u00f3n de Productores Agrarios del \u00c1rea de PE CHINECAS (APAAP), quienes acompa\u00f1aron a autoridades e invitados en un circuito agrario dise\u00f1ado para visibilizar el potencial productivo del valle La Carbonera y su proyecci\u00f3n como polo de desarrollo econ\u00f3mico.<\/p>\n\n\n\n<p>Durante la jornada, se destac\u00f3 que el fortalecimiento del marco legal, en particular a trav\u00e9s de la Ley 8011, es considerado por los productores como una herramienta clave para impulsar la inversi\u00f3n, generar empleo y consolidar la actividad agr\u00edcola en la zona. Seg\u00fan se indic\u00f3, un importante n\u00famero de familias ya depende de esta actividad, lo que refuerza la urgencia de contar con el respaldo efectivo de las autoridades.<\/p>\n\n\n\n<p>Los participantes coincidieron en que el desarrollo integral de los valles del Santa y La Carbonera requiere decisiones t\u00e9cnicas y pol\u00edticas oportunas que permitan aprovechar de manera sostenible el potencial agr\u00edcola existente y garantizar mejores condiciones para los productores del sector.<\/p>\n\n\n\n<figure class=\"wp-block-gallery has-nested-images columns-default is-cropped wp-block-gallery-1 is-layout-flex wp-block-gallery-is-layout-flex\">\n<figure class=\"wp-block-image size-large\"><img fetchpriority=\"high\" decoding=\"async\" width=\"960\" height=\"640\" data-id=\"5526\" src=\"https:\/\/www.agriculturaenmarcha.com\/wp-content\/uploads\/2026\/01\/621737709_1452767396877618_7723994536722936411_n.jpg\" alt=\"\" class=\"wp-image-5526\" srcset=\"https:\/\/www.agriculturaenmarcha.com\/wp-content\/uploads\/2026\/01\/621737709_1452767396877618_7723994536722936411_n.jpg 960w, https:\/\/www.agriculturaenmarcha.com\/wp-content\/uploads\/2026\/01\/621737709_1452767396877618_7723994536722936411_n-300x200.jpg 300w, https:\/\/www.agriculturaenmarcha.com\/wp-content\/uploads\/2026\/01\/621737709_1452767396877618_7723994536722936411_n-768x512.jpg 768w, https:\/\/www.agriculturaenmarcha.com\/wp-content\/uploads\/2026\/01\/621737709_1452767396877618_7723994536722936411_n-640x427.jpg 640w\" sizes=\"(max-width: 960px) 100vw, 960px\" \/><\/figure>\n\n\n\n<figure class=\"wp-block-image size-large\"><img decoding=\"async\" width=\"960\" height=\"640\" data-id=\"5527\" src=\"https:\/\/www.agriculturaenmarcha.com\/wp-content\/uploads\/2026\/01\/622029893_1452730546881303_2862130262294642949_n.jpg\" alt=\"\" class=\"wp-image-5527\" srcset=\"https:\/\/www.agriculturaenmarcha.com\/wp-content\/uploads\/2026\/01\/622029893_1452730546881303_2862130262294642949_n.jpg 960w, https:\/\/www.agriculturaenmarcha.com\/wp-content\/uploads\/2026\/01\/622029893_1452730546881303_2862130262294642949_n-300x200.jpg 300w, https:\/\/www.agriculturaenmarcha.com\/wp-content\/uploads\/2026\/01\/622029893_1452730546881303_2862130262294642949_n-768x512.jpg 768w, https:\/\/www.agriculturaenmarcha.com\/wp-content\/uploads\/2026\/01\/622029893_1452730546881303_2862130262294642949_n-640x427.jpg 640w\" sizes=\"(max-width: 960px) 100vw, 960px\" \/><\/figure>\n<\/figure>\n\n\n<figure class=\"wp-block-embed-youtube wp-block-embed is-type-video is-provider-youtube wp-embed-aspect-16-9 wp-has-aspect-ratio\"><div class=\"lyte-wrapper fourthree\" title=\"Visita a los campos agr&iacute;colas del PE CHINECAS revela el potencial productivo del valle La Carbonera\" style=\"width:420px;max-width:100%;margin:5px;\"><div class=\"lyMe\" id=\"WYL_YLc-iveJdjM\" itemprop=\"video\" itemscope itemtype=\"https:\/\/schema.org\/VideoObject\"><div><meta itemprop=\"thumbnailUrl\" content=\"https:\/\/i.ytimg.com\/vi\/YLc-iveJdjM\/hqdefault.jpg\" \/><meta itemprop=\"embedURL\" content=\"https:\/\/www.youtube.com\/embed\/YLc-iveJdjM\" \/><meta itemprop=\"duration\" content=\"PT6M9S\" \/><meta itemprop=\"uploadDate\" content=\"2026-01-31T03:50:51Z\" \/><\/div><div id=\"lyte_YLc-iveJdjM\" data-src=\"https:\/\/i.ytimg.com\/vi\/YLc-iveJdjM\/hqdefault.jpg\" class=\"pL\"><div class=\"tC\"><div class=\"tT\" itemprop=\"name\">Visita a los campos agr\u00edcolas del PE CHINECAS revela el potencial productivo del valle La Carbonera<\/div><\/div><div class=\"play\"><\/div><div class=\"ctrl\"><div class=\"Lctrl\"><\/div><div class=\"Rctrl\"><\/div><\/div><\/div><noscript><a href=\"https:\/\/youtu.be\/YLc-iveJdjM\" rel=\"nofollow\"><img decoding=\"async\" src=\"https:\/\/i.ytimg.com\/vi\/YLc-iveJdjM\/0.jpg\" alt=\"Visita a los campos agr&iacute;colas del PE CHINECAS revela el potencial productivo del valle La Carbonera\" width=\"420\" height=\"295\" \/><br \/>Watch this video on YouTube<\/a><\/noscript><meta itemprop=\"description\" content=\"Durante un recorrido por las tierras agr\u00edcolas del Proyecto Especial CHINECAS, se constat\u00f3 el avance de la producci\u00f3n de frutas y hortalizas en el valle La Carbonera y el valle del Santa, zonas con alto potencial para el desarrollo agrario regional. En la visita se recogieron las voces de los agricultores, quienes expusieron problem\u00e1ticas persistentes como la inseguridad en la posesi\u00f3n de la tierra, el acceso al agua y la necesidad de fortalecer las cadenas productivas. Pese a estas dificultades, la actividad agr\u00edcola contin\u00faa generando empleo y sost\u00e9n econ\u00f3mico para numerosas familias. El recorrido fue guiado por Jos\u00e9 Cabanillas junto a directivos de la APAAP, con la participaci\u00f3n de autoridades e invitados, con el objetivo de visibilizar la fortaleza productiva del valle y su proyecci\u00f3n como polo de desarrollo, a la espera de decisiones y apoyo concreto por parte del Estado. SUSCR\u00cdBETE \u2192 \/ https:\/\/www.youtube.com\/@AgriculturaenMarcha Participacion por WhatsApp \u2192 981 535540 M\u00e1s noticias \u2192 agriculturaenmarcha.com TikTok: https:\/\/www.tiktok.com\/@miguelangelpalomi594 Facebook: \/ https:\/\/www.facebook.com\/agriculturaenmarcha\/ Instagram: https:\/\/www.instagram.com\/agiculturaenamarcha\/ x.com: https:\/\/x.com\/MiguelAnge68529\"><\/div><\/div><div class=\"lL\" style=\"max-width:100%;width:420px;margin:5px;\"><\/div><figcaption><\/figcaption><\/figure>\n\n\n<figure class=\"wp-block-image size-large\"><a href=\"https:\/\/www.facebook.com\/abonogmp\/\"><img loading=\"lazy\" decoding=\"async\" width=\"1024\" height=\"351\" src=\"https:\/\/www.agriculturaenmarcha.com\/wp-content\/uploads\/2026\/01\/humus-1024x351.jpg\" alt=\"\" class=\"wp-image-5545\" srcset=\"https:\/\/www.agriculturaenmarcha.com\/wp-content\/uploads\/2026\/01\/humus-1024x351.jpg 1024w, https:\/\/www.agriculturaenmarcha.com\/wp-content\/uploads\/2026\/01\/humus-300x103.jpg 300w, https:\/\/www.agriculturaenmarcha.com\/wp-content\/uploads\/2026\/01\/humus-768x263.jpg 768w, https:\/\/www.agriculturaenmarcha.com\/wp-content\/uploads\/2026\/01\/humus-640x219.jpg 640w, https:\/\/www.agriculturaenmarcha.com\/wp-content\/uploads\/2026\/01\/humus.jpg 1536w\" sizes=\"(max-width: 1024px) 100vw, 1024px\" \/><\/a><\/figure>\n","protected":false},"excerpt":{"rendered":"<p>Durante una visita de campo a las \u00e1reas agr\u00edcolas ubicadas en las tierras del Proyecto Especial Chinecas (PE CHINECAS), se constat\u00f3 el avance de la producci\u00f3n de frutas y hortalizas en los valles del Santa y La Carbonera, zonas que vienen consolid\u00e1ndose como un eje estrat\u00e9gico para el desarrollo agrario regional. En el recorrido se [&hellip;]<\/p>\n","protected":false},"author":2,"featured_media":5525,"comment_status":"open","ping_status":"open","sticky":false,"template":"","format":"standard","meta":{"footnotes":""},"categories":[20,32],"tags":[],"class_list":["post-5524","post","type-post","status-publish","format-standard","has-post-thumbnail","hentry","category-politica","category-principales"],"aioseo_notices":[],"_links":{"self":[{"href":"https:\/\/www.agriculturaenmarcha.com\/index.php\/wp-json\/wp\/v2\/posts\/5524","targetHints":{"allow":["GET"]}}],"collection":[{"href":"https:\/\/www.agriculturaenmarcha.com\/index.php\/wp-json\/wp\/v2\/posts"}],"about":[{"href":"https:\/\/www.agriculturaenmarcha.com\/index.php\/wp-json\/wp\/v2\/types\/post"}],"author":[{"embeddable":true,"href":"https:\/\/www.agriculturaenmarcha.com\/index.php\/wp-json\/wp\/v2\/users\/2"}],"replies":[{"embeddable":true,"href":"https:\/\/www.agriculturaenmarcha.com\/index.php\/wp-json\/wp\/v2\/comments?post=5524"}],"version-history":[{"count":2,"href":"https:\/\/www.agriculturaenmarcha.com\/index.php\/wp-json\/wp\/v2\/posts\/5524\/revisions"}],"predecessor-version":[{"id":5546,"href":"https:\/\/www.agriculturaenmarcha.com\/index.php\/wp-json\/wp\/v2\/posts\/5524\/revisions\/5546"}],"wp:featuredmedia":[{"embeddable":true,"href":"https:\/\/www.agriculturaenmarcha.com\/index.php\/wp-json\/wp\/v2\/media\/5525"}],"wp:attachment":[{"href":"https:\/\/www.agriculturaenmarcha.com\/index.php\/wp-json\/wp\/v2\/media?parent=5524"}],"wp:term":[{"taxonomy":"category","embeddable":true,"href":"https:\/\/www.agriculturaenmarcha.com\/index.php\/wp-json\/wp\/v2\/categories?post=5524"},{"taxonomy":"post_tag","embeddable":true,"href":"https:\/\/www.agriculturaenmarcha.com\/index.php\/wp-json\/wp\/v2\/tags?post=5524"}],"curies":[{"name":"wp","href":"https:\/\/api.w.org\/{rel}","templated":true}]}}