{"id":5768,"date":"2026-03-09T08:56:27","date_gmt":"2026-03-09T13:56:27","guid":{"rendered":"https:\/\/www.agriculturaenmarcha.com\/?p=5768"},"modified":"2026-03-09T08:56:29","modified_gmt":"2026-03-09T13:56:29","slug":"marcha-el10-posesionarios-de-chinecas-alzan-su-voz-contra-proyectos-de-ley-8011-y-9357","status":"publish","type":"post","link":"https:\/\/www.agriculturaenmarcha.com\/index.php\/2026\/03\/09\/marcha-el10-posesionarios-de-chinecas-alzan-su-voz-contra-proyectos-de-ley-8011-y-9357\/","title":{"rendered":"MARCHA el10 posesionarios de Chinecas alzan su voz contra proyectos de ley 8011 y 9357"},"content":{"rendered":"\n<p>M\u00e1s de 150 agricultores posesionarios del Proyecto Especial Chinecas se reunieron en Nuevo Chimbote para expresar su rechazo a los proyectos de Ley N.\u00ba 8011 y 9357, iniciativas que \u2014seg\u00fan denuncian\u2014 podr\u00edan terminar beneficiando a ocupantes informales de terrenos agr\u00edcolas en perjuicio de quienes trabajan la tierra desde hace a\u00f1os dentro del marco legal.<\/p>\n\n\n\n<p>Los productores recordaron que muchos de ellos son beneficiarios de la Ley 28042 y que, pese al tiempo transcurrido, a\u00fan esperan el saneamiento f\u00edsico legal de sus predios por parte del Ministerio de Desarrollo Agrario y Riego (Midagri) y del Organismo de Formalizaci\u00f3n de la Propiedad Informal (Cofopri).<\/p>\n\n\n\n<p>Durante la reuni\u00f3n, dirigentes agrarios advirtieron que la aprobaci\u00f3n de estas propuestas legislativas generar\u00eda un precedente negativo al legitimar invasiones de tierras dentro del \u00e1mbito del proyecto Chinecas, situaci\u00f3n que \u2014afirman\u2014 afectar\u00eda directamente a quienes han desarrollado actividad productiva en la zona durante varios a\u00f1os.<\/p>\n\n\n\n<p>El vocero de los agricultores, Armando Castro Burgos, cuestion\u00f3 adem\u00e1s el proceso mediante el cual se habr\u00eda aprobado el dictamen en la Comisi\u00f3n Agraria del Congreso, se\u00f1alando que, seg\u00fan su versi\u00f3n, este se habr\u00eda realizado sin el qu\u00f3rum correspondiente.<\/p>\n\n\n\n<p>Los agricultores tambi\u00e9n expresaron su preocupaci\u00f3n por la falta de pronunciamiento del Gobierno Regional de \u00c1ncash y de las entidades del sector agrario frente a esta situaci\u00f3n, que consideran una amenaza para la seguridad jur\u00eddica en el campo.<\/p>\n\n\n\n<p>Finalmente, los posesionarios anunciaron que permanecer\u00e1n vigilantes ante el debate de estas iniciativas en el Congreso y no descartaron realizar nuevas acciones para defender sus derechos y exigir el respeto al ordenamiento legal de las tierras agr\u00edcolas en el \u00e1mbito de Chinecas.<\/p>\n\n\n\n<p>Esta ma\u00f1ana en el programa agrario Agricultura En Marcha el dirigente Cesar Mondagron anuncio que marcharan este martes 10 en la ma\u00f1ana desde el ovalo besique a Nuevo Chimbote para proptestar frenta a esta nefasta ley que aprobo y auspicio el partido Fuerza Popular contra quien apuntan sus reclamos.<\/p>\n\n\n\n<figure class=\"wp-block-image size-large\"><img fetchpriority=\"high\" decoding=\"async\" width=\"1024\" height=\"683\" src=\"https:\/\/www.agriculturaenmarcha.com\/wp-content\/uploads\/2026\/03\/IMG_4782-1024x683.jpg\" alt=\"\" class=\"wp-image-5770\" srcset=\"https:\/\/www.agriculturaenmarcha.com\/wp-content\/uploads\/2026\/03\/IMG_4782-1024x683.jpg 1024w, https:\/\/www.agriculturaenmarcha.com\/wp-content\/uploads\/2026\/03\/IMG_4782-300x200.jpg 300w, https:\/\/www.agriculturaenmarcha.com\/wp-content\/uploads\/2026\/03\/IMG_4782-768x512.jpg 768w, https:\/\/www.agriculturaenmarcha.com\/wp-content\/uploads\/2026\/03\/IMG_4782-1536x1024.jpg 1536w, https:\/\/www.agriculturaenmarcha.com\/wp-content\/uploads\/2026\/03\/IMG_4782-2048x1365.jpg 2048w, https:\/\/www.agriculturaenmarcha.com\/wp-content\/uploads\/2026\/03\/IMG_4782-640x427.jpg 640w\" sizes=\"(max-width: 1024px) 100vw, 1024px\" \/><\/figure>\n","protected":false},"excerpt":{"rendered":"<p>M\u00e1s de 150 agricultores posesionarios del Proyecto Especial Chinecas se reunieron en Nuevo Chimbote para expresar su rechazo a los proyectos de Ley N.\u00ba 8011 y 9357, iniciativas que \u2014seg\u00fan denuncian\u2014 podr\u00edan terminar beneficiando a ocupantes informales de terrenos agr\u00edcolas en perjuicio de quienes trabajan la tierra desde hace a\u00f1os dentro del marco legal. Los [&hellip;]<\/p>\n","protected":false},"author":2,"featured_media":5769,"comment_status":"open","ping_status":"open","sticky":false,"template":"","format":"standard","meta":{"footnotes":""},"categories":[32],"tags":[],"class_list":["post-5768","post","type-post","status-publish","format-standard","has-post-thumbnail","hentry","category-principales"],"aioseo_notices":[],"_links":{"self":[{"href":"https:\/\/www.agriculturaenmarcha.com\/index.php\/wp-json\/wp\/v2\/posts\/5768","targetHints":{"allow":["GET"]}}],"collection":[{"href":"https:\/\/www.agriculturaenmarcha.com\/index.php\/wp-json\/wp\/v2\/posts"}],"about":[{"href":"https:\/\/www.agriculturaenmarcha.com\/index.php\/wp-json\/wp\/v2\/types\/post"}],"author":[{"embeddable":true,"href":"https:\/\/www.agriculturaenmarcha.com\/index.php\/wp-json\/wp\/v2\/users\/2"}],"replies":[{"embeddable":true,"href":"https:\/\/www.agriculturaenmarcha.com\/index.php\/wp-json\/wp\/v2\/comments?post=5768"}],"version-history":[{"count":1,"href":"https:\/\/www.agriculturaenmarcha.com\/index.php\/wp-json\/wp\/v2\/posts\/5768\/revisions"}],"predecessor-version":[{"id":5771,"href":"https:\/\/www.agriculturaenmarcha.com\/index.php\/wp-json\/wp\/v2\/posts\/5768\/revisions\/5771"}],"wp:featuredmedia":[{"embeddable":true,"href":"https:\/\/www.agriculturaenmarcha.com\/index.php\/wp-json\/wp\/v2\/media\/5769"}],"wp:attachment":[{"href":"https:\/\/www.agriculturaenmarcha.com\/index.php\/wp-json\/wp\/v2\/media?parent=5768"}],"wp:term":[{"taxonomy":"category","embeddable":true,"href":"https:\/\/www.agriculturaenmarcha.com\/index.php\/wp-json\/wp\/v2\/categories?post=5768"},{"taxonomy":"post_tag","embeddable":true,"href":"https:\/\/www.agriculturaenmarcha.com\/index.php\/wp-json\/wp\/v2\/tags?post=5768"}],"curies":[{"name":"wp","href":"https:\/\/api.w.org\/{rel}","templated":true}]}}