{"id":5772,"date":"2026-03-09T15:31:36","date_gmt":"2026-03-09T20:31:36","guid":{"rendered":"https:\/\/www.agriculturaenmarcha.com\/?p=5772"},"modified":"2026-03-09T15:31:39","modified_gmt":"2026-03-09T20:31:39","slug":"willy-ponce-destaca-la-importancia-del-agua-y-la-infraestructura-de-riego-durante-entrevista-en-agriculturaenmarcha","status":"publish","type":"post","link":"https:\/\/www.agriculturaenmarcha.com\/index.php\/2026\/03\/09\/willy-ponce-destaca-la-importancia-del-agua-y-la-infraestructura-de-riego-durante-entrevista-en-agriculturaenmarcha\/","title":{"rendered":"Willy Ponce destaca la importancia del agua y la infraestructura de riego durante entrevista en #AgriculturaEnMarcha"},"content":{"rendered":"\n<p>El abogado <strong>Willy Ponce<\/strong>, candidato a diputado regional y tres veces alcalde del distrito de Cusca, visit\u00f3 el programa agrario <strong>#AgriculturaEnMarcha<\/strong>, donde abord\u00f3 uno de los problemas m\u00e1s sensibles para el desarrollo del campo: la gesti\u00f3n del agua y la falta de infraestructura de riego en las zonas altoandinas.<\/p>\n\n\n\n<p>Durante la entrevista, el conductor del programa remarc\u00f3 la paradoja que viven muchas comunidades de la sierra, donde existen importantes fuentes h\u00eddricas, pero a\u00fan no se logra consolidar proyectos que permitan aprovecharlas plenamente para la agricultura y la ganader\u00eda.<\/p>\n\n\n\n<p>\u201cEn todos los lugares el problema es el agua. Es incre\u00edble que teniendo lagunas ricas, buen clima y agua menos contaminada, no se haya avanzado m\u00e1s en infraestructura para cuidar la vida y sostener la producci\u00f3n\u201d, se se\u00f1al\u00f3 durante el di\u00e1logo con el exalcalde.<\/p>\n\n\n\n<p>El conductor enfatiz\u00f3 adem\u00e1s que sin agua no existe actividad productiva en el campo. \u201cSin agua no hay ganader\u00eda, no hay agricultura, no hay nada. Ese es el problema que viven muchas comunidades\u201d, expres\u00f3 durante la conversaci\u00f3n.<\/p>\n\n\n\n<blockquote class=\"wp-block-quote is-layout-flow wp-block-quote-is-layout-flow\">\n<p>\u201cLos proyectos de riego muchas veces no se ven porque est\u00e1n en las alturas. La tuber\u00eda va enterrada, el agua va por los canales o reservorios. No es como construir un puente o una plaza que todos ven\u201d, se\u00f1al\u00f3.<\/p>\n<\/blockquote>\n\n\n\n<p>En respuesta, Willy Ponce explic\u00f3 que una de las razones por las que los proyectos de riego no reciben mayor atenci\u00f3n pol\u00edtica es que muchas de estas obras no son visibles para la poblaci\u00f3n urbana.<\/p>\n\n\n\n<p>El exburgomaestre sostuvo que esa realidad ha provocado que muchas veces las inversiones en infraestructura h\u00eddrica no reciban la prioridad que merecen, pese a que son fundamentales para garantizar la producci\u00f3n agr\u00edcola y pecuaria en las zonas rurales.<\/p>\n\n\n\n<h2 class=\"wp-block-heading\">Trayectoria vinculada al desarrollo agrario<\/h2>\n\n\n\n<p>Willy Ponce es <strong>nativo del distrito de Cusca, en la provincia de Corongo<\/strong>, y curs\u00f3 la carrera de <strong>Derecho en la Universidad San Pedro de Huaraz<\/strong>. En el a\u00f1o 2012 fue nombrado en la <strong>Fiscal\u00eda de Carhuaz<\/strong>, iniciando su carrera en el sector p\u00fablico.<\/p>\n\n\n\n<p>Posteriormente ingres\u00f3 a la vida pol\u00edtica local, siendo elegido <strong>alcalde del distrito de Cusca para el periodo 2015\u20132018<\/strong>. En el a\u00f1o <strong>2019 postul\u00f3 a la alcald\u00eda provincial de Corongo<\/strong>, logrando tambi\u00e9n el respaldo electoral.<\/p>\n\n\n\n<p>M\u00e1s adelante, en <strong>2023 volvi\u00f3 a ser elegido alcalde del distrito de Cusca<\/strong>, consolidando as\u00ed tres gestiones municipales vinculadas al desarrollo de su localidad.<\/p>\n\n\n\n<p>Durante estos periodos de gobierno, Ponce impuls\u00f3 diversas obras de infraestructura orientadas principalmente al fortalecimiento del <strong>sector agrario y ganadero<\/strong>, actividades que constituyen la base econ\u00f3mica de muchas familias en la provincia de Corongo.<\/p>\n\n\n\n<h2 class=\"wp-block-heading\">Obras de riego para fortalecer la ganader\u00eda<\/h2>\n\n\n\n<p>El exalcalde explic\u00f3 que una parte importante de su gesti\u00f3n estuvo enfocada en <strong>garantizar el acceso al agua para la producci\u00f3n<\/strong>, ejecutando proyectos de infraestructura h\u00eddrica en varias comunidades.<\/p>\n\n\n\n<p>Entre estas obras destacan <strong>captaciones de agua, bocatomas, canalizaciones, entubados, reservorios, represamientos y sistemas de riego<\/strong>, que han permitido mejorar la disponibilidad del recurso h\u00eddrico para los productores.<\/p>\n\n\n\n<p>Gracias a estas intervenciones, <strong>Cusca y diversas zonas de la provincia de Corongo han logrado mejorar notablemente su producci\u00f3n ganadera<\/strong>, actividad que depende directamente de la disponibilidad de agua para pastos y cultivos forrajeros.<\/p>\n\n\n\n<p>Durante su participaci\u00f3n en <strong>#AgriculturaEnMarcha<\/strong>, Ponce reiter\u00f3 que el desarrollo del campo requiere priorizar proyectos que garanticen agua para la producci\u00f3n, especialmente en las zonas altoandinas donde el recurso existe, pero a\u00fan falta infraestructura para aprovecharlo de manera eficiente.<\/p>\n\n\n<figure class=\"wp-block-embed-youtube wp-block-embed is-type-video is-provider-youtube wp-embed-aspect-16-9 wp-has-aspect-ratio\"><div class=\"lyte-wrapper fourthree\" title=\"Gas a S\/14, Keiko primera en encuesta y estalla protesta en Chinecas | Agricultura En Marcha\" style=\"width:420px;max-width:100%;margin:5px;\"><div class=\"lyMe\" id=\"WYL_tTECtt4ZK94\" itemprop=\"video\" itemscope itemtype=\"https:\/\/schema.org\/VideoObject\"><div><meta itemprop=\"thumbnailUrl\" content=\"https:\/\/i.ytimg.com\/vi\/tTECtt4ZK94\/hqdefault.jpg\" \/><meta itemprop=\"embedURL\" content=\"https:\/\/www.youtube.com\/embed\/tTECtt4ZK94\" \/><meta itemprop=\"duration\" content=\"PT55M32S\" \/><meta itemprop=\"uploadDate\" content=\"2026-03-09T13:23:29Z\" \/><\/div><div id=\"lyte_tTECtt4ZK94\" data-src=\"https:\/\/i.ytimg.com\/vi\/tTECtt4ZK94\/hqdefault.jpg\" class=\"pL\"><div class=\"tC\"><div class=\"tT\" itemprop=\"name\">Gas a S\/14, Keiko primera en encuesta y estalla protesta en Chinecas | Agricultura En Marcha<\/div><\/div><div class=\"play\"><\/div><div class=\"ctrl\"><div class=\"Lctrl\"><\/div><div class=\"Rctrl\"><\/div><\/div><\/div><noscript><a href=\"https:\/\/youtu.be\/tTECtt4ZK94\" rel=\"nofollow\"><img fetchpriority=\"high\" decoding=\"async\" src=\"https:\/\/i.ytimg.com\/vi\/tTECtt4ZK94\/0.jpg\" alt=\"Gas a S\/14, Keiko primera en encuesta y estalla protesta en Chinecas | Agricultura En Marcha\" width=\"420\" height=\"295\" \/><br \/>Watch this video on YouTube<\/a><\/noscript><meta itemprop=\"description\" content=\"En esta edici\u00f3n del programa agrario #AgriculturaEnMarcha abordamos tres temas que generan preocupaci\u00f3n y debate en la regi\u00f3n \u00c1ncash. Iniciamos el programa con una noticia nada alentadora para los hogares y el sector productivo: el precio del gas GLP alcanza los 14 soles en grifos de Chimbote, situaci\u00f3n que genera cuestionamientos por una posible concertaci\u00f3n de precios que afecta directamente la econom\u00eda de las familias y de los agricultores. Tambi\u00e9n analizamos los resultados de la \u00faltima encuesta pol\u00edtica, donde se ubicar\u00eda a Keiko Fujimori en el primer lugar de intenci\u00f3n de voto, escenario que abre nuevamente el debate sobre el panorama electoral y la influencia de las fuerzas pol\u00edticas en el pa\u00eds. M\u00e1s adelante conversamos v\u00eda telef\u00f3nica con C\u00e9sar Mondrag\u00f3n, dirigente de la Coordinadora de Posesionarios de Chinecas, quien anuncia una marcha de protesta para este martes 10 de marzo de 2026, desde el \u00f3valo de Besique hasta Nuevo Chimbote, en rechazo a lo que consideran una actitud perjudicial de la bancada fujimorista frente a los intereses del Proyecto Especial Chinecas. Finalmente, presentamos la entrevista con Willy Ponce, candidato a diputado con el n\u00famero 1 por Somos Per\u00fa, quien se\u00f1ala su disposici\u00f3n de escuchar a los gremios agrarios y trabajar junto a las bases de agricultores para impulsar propuestas en favor del desarrollo del sector agr\u00edcola. El campo tambi\u00e9n opina, protesta y propone. En Agricultura En Marcha seguimos informando lo que ocurre en el agro y en las comunidades productoras del pa\u00eds. #AgriculturaEnMarcha #Chinecas #Ancash #GasGLP #AgriculturaPeruana #NoticiasAgrarias SUSCR\u00cdBETE \u2192 \/ https:\/\/www.youtube.com\/@AgriculturaenMarcha Participacion por WhatsApp \u2192 981 535540 M\u00e1s noticias \u2192 agriculturaenmarcha.com TikTok: https:\/\/www.tiktok.com\/@miguelangelpalomi594 Facebook: \/ https:\/\/www.facebook.com\/agriculturaenmarcha\/ Instagram: https:\/\/www.instagram.com\/agiculturaenamarcha\/ x.com: https:\/\/x.com\/MiguelAnge68529\"><\/div><\/div><div class=\"lL\" style=\"max-width:100%;width:420px;margin:5px;\"><\/div><figcaption><\/figcaption><\/figure>","protected":false},"excerpt":{"rendered":"<p>El abogado Willy Ponce, candidato a diputado regional y tres veces alcalde del distrito de Cusca, visit\u00f3 el programa agrario #AgriculturaEnMarcha, donde abord\u00f3 uno de los problemas m\u00e1s sensibles para el desarrollo del campo: la gesti\u00f3n del agua y la falta de infraestructura de riego en las zonas altoandinas. Durante la entrevista, el conductor del [&hellip;]<\/p>\n","protected":false},"author":2,"featured_media":5773,"comment_status":"open","ping_status":"open","sticky":false,"template":"","format":"standard","meta":{"footnotes":""},"categories":[24,32],"tags":[],"class_list":["post-5772","post","type-post","status-publish","format-standard","has-post-thumbnail","hentry","category-noticia-grande","category-principales"],"aioseo_notices":[],"_links":{"self":[{"href":"https:\/\/www.agriculturaenmarcha.com\/index.php\/wp-json\/wp\/v2\/posts\/5772","targetHints":{"allow":["GET"]}}],"collection":[{"href":"https:\/\/www.agriculturaenmarcha.com\/index.php\/wp-json\/wp\/v2\/posts"}],"about":[{"href":"https:\/\/www.agriculturaenmarcha.com\/index.php\/wp-json\/wp\/v2\/types\/post"}],"author":[{"embeddable":true,"href":"https:\/\/www.agriculturaenmarcha.com\/index.php\/wp-json\/wp\/v2\/users\/2"}],"replies":[{"embeddable":true,"href":"https:\/\/www.agriculturaenmarcha.com\/index.php\/wp-json\/wp\/v2\/comments?post=5772"}],"version-history":[{"count":1,"href":"https:\/\/www.agriculturaenmarcha.com\/index.php\/wp-json\/wp\/v2\/posts\/5772\/revisions"}],"predecessor-version":[{"id":5774,"href":"https:\/\/www.agriculturaenmarcha.com\/index.php\/wp-json\/wp\/v2\/posts\/5772\/revisions\/5774"}],"wp:featuredmedia":[{"embeddable":true,"href":"https:\/\/www.agriculturaenmarcha.com\/index.php\/wp-json\/wp\/v2\/media\/5773"}],"wp:attachment":[{"href":"https:\/\/www.agriculturaenmarcha.com\/index.php\/wp-json\/wp\/v2\/media?parent=5772"}],"wp:term":[{"taxonomy":"category","embeddable":true,"href":"https:\/\/www.agriculturaenmarcha.com\/index.php\/wp-json\/wp\/v2\/categories?post=5772"},{"taxonomy":"post_tag","embeddable":true,"href":"https:\/\/www.agriculturaenmarcha.com\/index.php\/wp-json\/wp\/v2\/tags?post=5772"}],"curies":[{"name":"wp","href":"https:\/\/api.w.org\/{rel}","templated":true}]}}