{"id":5775,"date":"2026-03-10T10:29:48","date_gmt":"2026-03-10T15:29:48","guid":{"rendered":"https:\/\/www.agriculturaenmarcha.com\/?p=5775"},"modified":"2026-03-10T10:29:51","modified_gmt":"2026-03-10T15:29:51","slug":"posesionarios-de-tierras-de-chinecas-marchan-contra-ley-08011-y-cuestionan-a-bancada-de-fuerza-popular","status":"publish","type":"post","link":"https:\/\/www.agriculturaenmarcha.com\/index.php\/2026\/03\/10\/posesionarios-de-tierras-de-chinecas-marchan-contra-ley-08011-y-cuestionan-a-bancada-de-fuerza-popular\/","title":{"rendered":"Posesionarios de tierras de Chinecas marchan contra Ley 08011 y cuestionan a bancada de Fuerza Popular"},"content":{"rendered":"\n<p>Decenas de posesionarios de tierras vinculadas al <strong>Proyecto Especial Chinecas<\/strong> realizaron una movilizaci\u00f3n de protesta en la provincia del Santa, rechazando la aprobaci\u00f3n de la <strong>Ley 08011<\/strong>, iniciativa impulsada por la bancada mayoritaria del Congreso de la Rep\u00fablica, principalmente por el partido <strong>Fuerza Popular<\/strong>, la cual \u2013seg\u00fan se\u00f1alaron\u2013 podr\u00eda afectar sus derechos sobre las \u00e1reas que actualmente ocupan.<\/p>\n\n\n\n<p>La manifestaci\u00f3n se inici\u00f3 en el <strong>\u00f3valo Besique<\/strong>, desde donde los participantes avanzaron por la <strong>Carretera Panamericana Norte<\/strong> con direcci\u00f3n hacia el distrito de <strong>Nuevo Chimbote<\/strong>, portando pancartas y expresando su rechazo a lo que consideran una medida legislativa que no habr\u00eda tomado en cuenta la situaci\u00f3n real de los agricultores asentados en terrenos del proyecto de irrigaci\u00f3n.<\/p>\n\n\n\n<p>Los dirigentes de los posesionarios indicaron que la norma podr\u00eda interferir con el proceso de <strong>calificaci\u00f3n y reconocimiento contemplado en la Ley N.\u00ba 28042<\/strong>, mecanismo que \u2014afirman\u2014 permitir\u00eda regularizar la situaci\u00f3n de quienes vienen trabajando estas tierras desde hace varios a\u00f1os.<\/p>\n\n\n\n<p>Durante la movilizaci\u00f3n, los manifestantes cuestionaron la actuaci\u00f3n de la bancada mayoritaria del Parlamento, se\u00f1alando que la iniciativa legislativa habr\u00eda sido promovida sin un adecuado di\u00e1logo con los agricultores y usuarios vinculados al proyecto Chinecas.<\/p>\n\n\n\n<p>Asimismo, advirtieron que continuar\u00e1n con medidas de protesta en defensa de lo que consideran su derecho a permanecer en los predios que ocupan, al tiempo que solicitaron la intervenci\u00f3n de las autoridades regionales y del Ejecutivo para revisar el contenido de la Ley 08011 y sus posibles implicancias en el proceso de formalizaci\u00f3n de los posesionarios.<\/p>\n\n\n\n<p>La movilizaci\u00f3n se desarroll\u00f3 de manera pac\u00edfica mientras avanzaba por la v\u00eda Panamericana, generando atenci\u00f3n entre transportistas y ciudadanos que transitaban por la zona.<\/p>\n","protected":false},"excerpt":{"rendered":"<p>Decenas de posesionarios de tierras vinculadas al Proyecto Especial Chinecas realizaron una movilizaci\u00f3n de protesta en la provincia del Santa, rechazando la aprobaci\u00f3n de la Ley 08011, iniciativa impulsada por la bancada mayoritaria del Congreso de la Rep\u00fablica, principalmente por el partido Fuerza Popular, la cual \u2013seg\u00fan se\u00f1alaron\u2013 podr\u00eda afectar sus derechos sobre las \u00e1reas [&hellip;]<\/p>\n","protected":false},"author":2,"featured_media":5776,"comment_status":"open","ping_status":"open","sticky":false,"template":"","format":"standard","meta":{"footnotes":""},"categories":[32],"tags":[],"class_list":["post-5775","post","type-post","status-publish","format-standard","has-post-thumbnail","hentry","category-principales"],"aioseo_notices":[],"_links":{"self":[{"href":"https:\/\/www.agriculturaenmarcha.com\/index.php\/wp-json\/wp\/v2\/posts\/5775","targetHints":{"allow":["GET"]}}],"collection":[{"href":"https:\/\/www.agriculturaenmarcha.com\/index.php\/wp-json\/wp\/v2\/posts"}],"about":[{"href":"https:\/\/www.agriculturaenmarcha.com\/index.php\/wp-json\/wp\/v2\/types\/post"}],"author":[{"embeddable":true,"href":"https:\/\/www.agriculturaenmarcha.com\/index.php\/wp-json\/wp\/v2\/users\/2"}],"replies":[{"embeddable":true,"href":"https:\/\/www.agriculturaenmarcha.com\/index.php\/wp-json\/wp\/v2\/comments?post=5775"}],"version-history":[{"count":1,"href":"https:\/\/www.agriculturaenmarcha.com\/index.php\/wp-json\/wp\/v2\/posts\/5775\/revisions"}],"predecessor-version":[{"id":5777,"href":"https:\/\/www.agriculturaenmarcha.com\/index.php\/wp-json\/wp\/v2\/posts\/5775\/revisions\/5777"}],"wp:featuredmedia":[{"embeddable":true,"href":"https:\/\/www.agriculturaenmarcha.com\/index.php\/wp-json\/wp\/v2\/media\/5776"}],"wp:attachment":[{"href":"https:\/\/www.agriculturaenmarcha.com\/index.php\/wp-json\/wp\/v2\/media?parent=5775"}],"wp:term":[{"taxonomy":"category","embeddable":true,"href":"https:\/\/www.agriculturaenmarcha.com\/index.php\/wp-json\/wp\/v2\/categories?post=5775"},{"taxonomy":"post_tag","embeddable":true,"href":"https:\/\/www.agriculturaenmarcha.com\/index.php\/wp-json\/wp\/v2\/tags?post=5775"}],"curies":[{"name":"wp","href":"https:\/\/api.w.org\/{rel}","templated":true}]}}