{"id":5782,"date":"2026-03-11T18:43:15","date_gmt":"2026-03-11T23:43:15","guid":{"rendered":"https:\/\/www.agriculturaenmarcha.com\/?p=5782"},"modified":"2026-03-11T18:43:18","modified_gmt":"2026-03-11T23:43:18","slug":"gobierno-refuerza-acciones-ante-lluvias-en-huancavelica","status":"publish","type":"post","link":"https:\/\/www.agriculturaenmarcha.com\/index.php\/2026\/03\/11\/gobierno-refuerza-acciones-ante-lluvias-en-huancavelica\/","title":{"rendered":"Gobierno refuerza acciones ante lluvias en Huancavelica"},"content":{"rendered":"\n<p>Como parte de las acciones que realiza el Ejecutivo para atender a las regiones afectadas por las intensas lluvias, el ministro de Desarrollo Agrario y Riego (MIDAGRI), Felipe Meza Mill\u00e1n, lleg\u00f3 a la provincia de Huaytar\u00e1, donde particip\u00f3 en la firma de un convenio interinstitucional de afianzamiento h\u00eddrico para Huancavelica e Ica, entreg\u00f3 kits de riego a productores alpaqueros y supervis\u00f3 zonas afectadas por las precipitaciones ante el fen\u00f3meno de El Ni\u00f1o Costero, en beneficio de los productores y la agricultura familiar.<\/p>\n\n\n\n<p>\u201cDesde el MIDAGRI, mediante la Autoridad Nacional del Agua, brindaremos todo el apoyo y el soporte t\u00e9cnico necesario para el diagn\u00f3stico que permita conocer el potencial de las cuencas y, con ello, desarrollar proyectos de infraestructura h\u00eddrica que beneficiar\u00e1n a la agricultura familiar de esta parte de la regi\u00f3n Huancavelica y tambi\u00e9n de la regi\u00f3n Ica, as\u00ed como a todas las familias asentadas en esta zona, que son netamente agr\u00edcolas\u201d, destac\u00f3 el ministro Meza.<\/p>\n\n\n\n<p>Como parte de la estrategia para impulsar la gesti\u00f3n sostenible del agro, Meza Mill\u00e1n particip\u00f3 en la firma del convenio interinstitucional entre la Autoridad Nacional del Agua (ANA), la Mancomunidad Regional Huancavelica Ica (MANRHI), la Municipalidad Provincial de Pisco, la Municipalidad Provincial de Castrovirreyna, la Municipalidad Provincial de Huaytar\u00e1 y la Junta de Usuarios del Sector Hidr\u00e1ulico Menor de Pisco Clase C.<\/p>\n\n\n\n<p>En el marco de este compromiso, la ANA elaborar\u00e1 el plan de trabajo y los t\u00e9rminos de referencia, adem\u00e1s de evaluar posibles ubicaciones para la construcci\u00f3n de infraestructura h\u00eddrica.<\/p>\n\n\n\n<p>El \u201cDiagn\u00f3stico para el afianzamiento h\u00eddrico integral de las cuencas de los r\u00edos Tambo, Santiago e Ica\u201d, orientado al desarrollo integral y sostenible de las provincias de Huaytar\u00e1 (regi\u00f3n Huancavelica) y de la provincia de Ica (regi\u00f3n Ica), consolida una alianza estrat\u00e9gica con la ANA. Esta entidad asumir\u00e1 la elaboraci\u00f3n del plan de trabajo que incluye planeamiento hidr\u00e1ulico, topograf\u00eda-cartograf\u00eda, hidrolog\u00eda, geolog\u00eda-geof\u00edsica, agrolog\u00eda, agroeconom\u00eda, impacto ambiental y evaluaci\u00f3n social, entre otros aspectos t\u00e9cnicos.<\/p>\n\n\n\n<p>Kits para productores de alpaca<\/p>\n\n\n\n<p>Posteriormente, el ministro de Desarrollo Agrario y Riego entreg\u00f3, en coordinaci\u00f3n con la Direcci\u00f3n Regional de Cam\u00e9lidos Sudamericanos (DIRCAMS), 20 kits de riego, que permitir\u00e1n mejorar la disponibilidad de agua para el riego de \u00e1reas destinadas a la producci\u00f3n de pastos y forrajes, contribuyendo al fortalecimiento de la cadena productiva alpaquera.<\/p>\n\n\n\n<p>Los kits, que ser\u00e1n entregados a 565 unidades productivas, cuentan con un tanque de almacenamiento de agua de 1,100 litros (m\u00e1s accesorios), dos tuber\u00edas (mangueras) de HDPE de 1\u201d x 100 metros para conducci\u00f3n y distribuci\u00f3n, y un aspersor para riego, adem\u00e1s de accesorios, promoviendo tecnolog\u00edas apropiadas para el manejo eficiente del agua en zonas altoandinas.<\/p>\n\n\n\n<p>Recorrido por sectores afectados por las lluvias<\/p>\n\n\n\n<p>Como parte de las acciones que desarrolla el MIDAGRI en la regi\u00f3n Huancavelica, el ministro, junto al gobernador regional, recorri\u00f3 el anexo Chocorbos, donde comprob\u00f3 el estado de la infraestructura del canal Quito Chuquimar\u00e1n Bajo y del canal abierto San Juan de Muchic, que resultaron afectados por las intensas lluvias.<\/p>\n\n\n\n<p>Seguro agr\u00edcola<\/p>\n\n\n\n<p>Para fortalecer el respaldo a los productores, la cobertura del Seguro Agrario, en la regi\u00f3n supera las 89 mil hect\u00e1reas dentro de la campa\u00f1a 2025-2026.<\/p>\n","protected":false},"excerpt":{"rendered":"<p>Como parte de las acciones que realiza el Ejecutivo para atender a las regiones afectadas por las intensas lluvias, el ministro de Desarrollo Agrario y Riego (MIDAGRI), Felipe Meza Mill\u00e1n, lleg\u00f3 a la provincia de Huaytar\u00e1, donde particip\u00f3 en la firma de un convenio interinstitucional de afianzamiento h\u00eddrico para Huancavelica e Ica, entreg\u00f3 kits de [&hellip;]<\/p>\n","protected":false},"author":2,"featured_media":5783,"comment_status":"open","ping_status":"open","sticky":false,"template":"","format":"standard","meta":{"footnotes":""},"categories":[24,20],"tags":[],"class_list":["post-5782","post","type-post","status-publish","format-standard","has-post-thumbnail","hentry","category-noticia-grande","category-politica"],"aioseo_notices":[],"_links":{"self":[{"href":"https:\/\/www.agriculturaenmarcha.com\/index.php\/wp-json\/wp\/v2\/posts\/5782","targetHints":{"allow":["GET"]}}],"collection":[{"href":"https:\/\/www.agriculturaenmarcha.com\/index.php\/wp-json\/wp\/v2\/posts"}],"about":[{"href":"https:\/\/www.agriculturaenmarcha.com\/index.php\/wp-json\/wp\/v2\/types\/post"}],"author":[{"embeddable":true,"href":"https:\/\/www.agriculturaenmarcha.com\/index.php\/wp-json\/wp\/v2\/users\/2"}],"replies":[{"embeddable":true,"href":"https:\/\/www.agriculturaenmarcha.com\/index.php\/wp-json\/wp\/v2\/comments?post=5782"}],"version-history":[{"count":1,"href":"https:\/\/www.agriculturaenmarcha.com\/index.php\/wp-json\/wp\/v2\/posts\/5782\/revisions"}],"predecessor-version":[{"id":5784,"href":"https:\/\/www.agriculturaenmarcha.com\/index.php\/wp-json\/wp\/v2\/posts\/5782\/revisions\/5784"}],"wp:featuredmedia":[{"embeddable":true,"href":"https:\/\/www.agriculturaenmarcha.com\/index.php\/wp-json\/wp\/v2\/media\/5783"}],"wp:attachment":[{"href":"https:\/\/www.agriculturaenmarcha.com\/index.php\/wp-json\/wp\/v2\/media?parent=5782"}],"wp:term":[{"taxonomy":"category","embeddable":true,"href":"https:\/\/www.agriculturaenmarcha.com\/index.php\/wp-json\/wp\/v2\/categories?post=5782"},{"taxonomy":"post_tag","embeddable":true,"href":"https:\/\/www.agriculturaenmarcha.com\/index.php\/wp-json\/wp\/v2\/tags?post=5782"}],"curies":[{"name":"wp","href":"https:\/\/api.w.org\/{rel}","templated":true}]}}