{"id":5785,"date":"2026-03-12T15:10:30","date_gmt":"2026-03-12T20:10:30","guid":{"rendered":"https:\/\/www.agriculturaenmarcha.com\/?p=5785"},"modified":"2026-03-12T15:10:34","modified_gmt":"2026-03-12T20:10:34","slug":"posesionarios-de-chinecas-protestan-frente-al-congreso-y-piden-frenar-en-segunda-votacion-la-ley-08011","status":"publish","type":"post","link":"https:\/\/www.agriculturaenmarcha.com\/index.php\/2026\/03\/12\/posesionarios-de-chinecas-protestan-frente-al-congreso-y-piden-frenar-en-segunda-votacion-la-ley-08011\/","title":{"rendered":"Posesionarios de Chinecas protestan frente al Congreso y piden frenar en segunda votaci\u00f3n la Ley 08011"},"content":{"rendered":"\n<p>Decenas de posesionarios de las tierras del <strong>Proyecto Especial Chinecas<\/strong> llegaron hasta los exteriores del <strong>Congreso de la Rep\u00fablica del Per\u00fa<\/strong> para expresar su rechazo a la segunda votaci\u00f3n del proyecto de <strong>Ley 08011<\/strong>, norma que \u2014seg\u00fan se\u00f1alan\u2014 pondr\u00eda en riesgo su situaci\u00f3n en los predios que ocupan dentro del proyecto irrigador.<\/p>\n\n\n\n<p>La movilizaci\u00f3n fue promovida por la Coordinadora, organizaci\u00f3n que agrupa a posesionarios del sector conocido como <strong>La Carbonera<\/strong>, quienes sostienen que la aprobaci\u00f3n definitiva de la norma (Ley 08011) podr\u00eda alterar el marco legal que regula la calificaci\u00f3n de tierras y la situaci\u00f3n de quienes ocupan estos predios.<\/p>\n\n\n\n<p>Con pancartas y consignas dirigidas a los legisladores, los manifestantes solicitaron que el Parlamento eval\u00fae con mayor detenimiento los alcances de la iniciativa antes de aprobarla en segunda votaci\u00f3n. Los dirigentes de la organizaci\u00f3n se\u00f1alaron que buscan abrir un espacio de di\u00e1logo para que sus demandas y preocupaciones sean consideradas en el debate legislativo.<\/p>\n\n\n\n<p>El tema vuelve a colocar en el centro de la discusi\u00f3n la situaci\u00f3n de las tierras del <strong>Proyecto Especial Chinecas<\/strong>, donde desde hace a\u00f1os conviven proyectos de desarrollo agr\u00edcola, procesos de formalizaci\u00f3n y disputas por la ocupaci\u00f3n de predios.<\/p>\n\n\n\n<p>Mientras en el Congreso se alistan para continuar el tr\u00e1mite legislativo, los posesionarios advierten que mantendr\u00e1n la vigilancia y nuevas acciones de protesta si la norma avanza sin atender sus reclamos.<\/p>\n\n\n\n<p>Porque, claro, en el Per\u00fa ninguna ley agraria estar\u00eda completa sin una protesta en la puerta del Congreso. Tradici\u00f3n nacional casi tan firme como sembrar arroz donde haya agua.<\/p>\n\n\n<figure class=\"wp-block-embed-youtube wp-block-embed is-type-video is-provider-youtube wp-embed-aspect-16-9 wp-has-aspect-ratio\"><div class=\"lyte-wrapper fourthree\" title=\"Chinecas llega al Congreso: posesionarios rechazan Ley 08011@AgriculturaenMarcha\" style=\"width:420px;max-width:100%;margin:5px;\"><div class=\"lyMe\" id=\"WYL_E9Jhbmn4KIg\" itemprop=\"video\" itemscope itemtype=\"https:\/\/schema.org\/VideoObject\"><div><meta itemprop=\"thumbnailUrl\" content=\"https:\/\/i.ytimg.com\/vi\/E9Jhbmn4KIg\/hqdefault.jpg\" \/><meta itemprop=\"embedURL\" content=\"https:\/\/www.youtube.com\/embed\/E9Jhbmn4KIg\" \/><meta itemprop=\"duration\" content=\"PT4M58S\" \/><meta itemprop=\"uploadDate\" content=\"2026-03-12T20:09:32Z\" \/><\/div><div id=\"lyte_E9Jhbmn4KIg\" data-src=\"https:\/\/i.ytimg.com\/vi\/E9Jhbmn4KIg\/hqdefault.jpg\" class=\"pL\"><div class=\"tC\"><div class=\"tT\" itemprop=\"name\">Chinecas llega al Congreso: posesionarios rechazan Ley 08011@AgriculturaenMarcha<\/div><\/div><div class=\"play\"><\/div><div class=\"ctrl\"><div class=\"Lctrl\"><\/div><div class=\"Rctrl\"><\/div><\/div><\/div><noscript><a href=\"https:\/\/youtu.be\/E9Jhbmn4KIg\" rel=\"nofollow\"><img fetchpriority=\"high\" decoding=\"async\" src=\"https:\/\/i.ytimg.com\/vi\/E9Jhbmn4KIg\/0.jpg\" alt=\"Chinecas llega al Congreso: posesionarios rechazan Ley 08011@AgriculturaenMarcha\" width=\"420\" height=\"295\" \/><br \/>Watch this video on YouTube<\/a><\/noscript><meta itemprop=\"description\" content=\"Con pancartas y consignas, decenas de posesionarios del Proyecto Especial Chinecas protestaron frente al Congreso de la Rep\u00fablica del Per\u00fa. La movilizaci\u00f3n, convocada por la Coordinadora de Posesionarios, busca impedir la aprobaci\u00f3n en segunda votaci\u00f3n de la Ley 08011. SUSCR\u00cdBETE \u2192 \/ https:\/\/www.youtube.com\/@AgriculturaenMarcha Participacion por WhatsApp \u2192 981 535540 M\u00e1s noticias \u2192 agriculturaenmarcha.com TikTok: https:\/\/www.tiktok.com\/@miguelangelpalomi594 Facebook: \/ https:\/\/www.facebook.com\/agriculturaenmarcha\/ Instagram: https:\/\/www.instagram.com\/agiculturaenamarcha\/ x.com: https:\/\/x.com\/MiguelAnge68529\"><\/div><\/div><div class=\"lL\" style=\"max-width:100%;width:420px;margin:5px;\"><\/div><figcaption><\/figcaption><\/figure>\n\n\n<p> <\/p>\n","protected":false},"excerpt":{"rendered":"<p>Decenas de posesionarios de las tierras del Proyecto Especial Chinecas llegaron hasta los exteriores del Congreso de la Rep\u00fablica del Per\u00fa para expresar su rechazo a la segunda votaci\u00f3n del proyecto de Ley 08011, norma que \u2014seg\u00fan se\u00f1alan\u2014 pondr\u00eda en riesgo su situaci\u00f3n en los predios que ocupan dentro del proyecto irrigador. La movilizaci\u00f3n fue [&hellip;]<\/p>\n","protected":false},"author":2,"featured_media":5786,"comment_status":"open","ping_status":"open","sticky":false,"template":"","format":"standard","meta":{"footnotes":""},"categories":[32,17],"tags":[],"class_list":["post-5785","post","type-post","status-publish","format-standard","has-post-thumbnail","hentry","category-principales","category-region-ancash"],"aioseo_notices":[],"_links":{"self":[{"href":"https:\/\/www.agriculturaenmarcha.com\/index.php\/wp-json\/wp\/v2\/posts\/5785","targetHints":{"allow":["GET"]}}],"collection":[{"href":"https:\/\/www.agriculturaenmarcha.com\/index.php\/wp-json\/wp\/v2\/posts"}],"about":[{"href":"https:\/\/www.agriculturaenmarcha.com\/index.php\/wp-json\/wp\/v2\/types\/post"}],"author":[{"embeddable":true,"href":"https:\/\/www.agriculturaenmarcha.com\/index.php\/wp-json\/wp\/v2\/users\/2"}],"replies":[{"embeddable":true,"href":"https:\/\/www.agriculturaenmarcha.com\/index.php\/wp-json\/wp\/v2\/comments?post=5785"}],"version-history":[{"count":1,"href":"https:\/\/www.agriculturaenmarcha.com\/index.php\/wp-json\/wp\/v2\/posts\/5785\/revisions"}],"predecessor-version":[{"id":5787,"href":"https:\/\/www.agriculturaenmarcha.com\/index.php\/wp-json\/wp\/v2\/posts\/5785\/revisions\/5787"}],"wp:featuredmedia":[{"embeddable":true,"href":"https:\/\/www.agriculturaenmarcha.com\/index.php\/wp-json\/wp\/v2\/media\/5786"}],"wp:attachment":[{"href":"https:\/\/www.agriculturaenmarcha.com\/index.php\/wp-json\/wp\/v2\/media?parent=5785"}],"wp:term":[{"taxonomy":"category","embeddable":true,"href":"https:\/\/www.agriculturaenmarcha.com\/index.php\/wp-json\/wp\/v2\/categories?post=5785"},{"taxonomy":"post_tag","embeddable":true,"href":"https:\/\/www.agriculturaenmarcha.com\/index.php\/wp-json\/wp\/v2\/tags?post=5785"}],"curies":[{"name":"wp","href":"https:\/\/api.w.org\/{rel}","templated":true}]}}