{"id":5788,"date":"2026-03-12T15:25:11","date_gmt":"2026-03-12T20:25:11","guid":{"rendered":"https:\/\/www.agriculturaenmarcha.com\/?p=5788"},"modified":"2026-03-12T15:25:14","modified_gmt":"2026-03-12T20:25:14","slug":"firmas-grandes-padrones-pequenos-el-curioso-pronunciamiento-que-dice-hablar-por-miles-de-agricultores-en-chinecas","status":"publish","type":"post","link":"https:\/\/www.agriculturaenmarcha.com\/index.php\/2026\/03\/12\/firmas-grandes-padrones-pequenos-el-curioso-pronunciamiento-que-dice-hablar-por-miles-de-agricultores-en-chinecas\/","title":{"rendered":"Firmas grandes, padrones peque\u00f1os: el curioso pronunciamiento que dice hablar por miles de agricultores en CHINECAS"},"content":{"rendered":"\n<p>En el Per\u00fa hay documentos que pesan por sus argumentos\u2026 y otros que intentan pesar por la cantidad de firmas al pie de p\u00e1gina. El reciente \u201cpronunciamiento\u201d dirigido al Congreso de la Rep\u00fablica por los dirigentes de IRCHIM, SANTA y con excepci\u00f3n de NEPE\u00d1A contra la aprobaci\u00f3n en segunda votaci\u00f3n de la Ley 8011 sobre el proyecto especial CHINECAS parece apostar por lo segundo.<\/p>\n\n\n\n<p>El documento, fechado en Chimbote el 9 de marzo de 2026, solicita a los congresistas que no aprueben el dictamen de los proyectos de ley 8011-2023-CR y 9357-2024-CR. El texto argumenta que la norma pondr\u00eda en riesgo la viabilidad del megaproyecto de irrigaci\u00f3n, afectar\u00eda estudios t\u00e9cnicos y generar\u00eda inseguridad jur\u00eddica para inversiones que, seg\u00fan el propio pronunciamiento, podr\u00edan superar los <strong>US$ 6,000 millones<\/strong>.<\/p>\n\n\n\n<p>Hasta all\u00ed todo suena como una preocupaci\u00f3n leg\u00edtima. El problema aparece cuando se observa <strong>qui\u00e9nes firman y a qui\u00e9n dicen representar<\/strong>.<\/p>\n\n\n\n<p>Entre los firmantes aparecen dirigentes de organizaciones agrarias y de usuarios de agua del valle del Santa y zonas vinculadas al \u00e1mbito del proyecto CHINECAS. Sin embargo, dentro del propio sector agrario surge una pregunta inc\u00f3moda que comienza a circular con fuerza:<\/p>\n\n\n\n<p><strong>\u00bfCu\u00e1ntos agricultores eligieron realmente a esos dirigentes que hoy hablan en nombre de miles?<\/strong><\/p>\n\n\n\n<p>Seg\u00fan diversas fuentes del propio sector, varios de los firmantes habr\u00edan sido elegidos en procesos con participaciones que en algunos casos rondar\u00edan <strong>30, 70 o poco m\u00e1s de 100 agricultores<\/strong>, pese a que el universo de productores agr\u00edcolas en los valles vinculados al proyecto supera entre IRCHIM y SANTA <strong>los 7 mil<\/strong>.<\/p>\n\n\n\n<p>La pregunta entonces es inevitable.<\/p>\n\n\n\n<p>Si un dirigente llega al cargo con el respaldo directo de unas decenas de votantes, <strong>\u00bfpuede sostener que su firma representa la posici\u00f3n de miles de agricultores frente a una ley nacional?<\/strong><\/p>\n\n\n\n<p>La discusi\u00f3n no es menor, porque el pronunciamiento se presenta ante el Congreso como la voz del sector agrario organizado. Pero dentro del propio gremio algunos productores se\u00f1alan que <strong>no todos comparten esa postura<\/strong>, y que el debate sobre la Ley 8011 es mucho m\u00e1s complejo que lo que el documento intenta mostrar.<\/p>\n\n\n\n<p>El texto firmado sostiene que permitir la formalizaci\u00f3n de posesiones o ventas directas en el \u00e1mbito de CHINECAS podr\u00eda fragmentar la planificaci\u00f3n hidr\u00e1ulica del proyecto, obligar a redise\u00f1ar estudios de ingenier\u00eda y generar un precedente para otros proyectos especiales en el pa\u00eds.<\/p>\n\n\n\n<p>Sin embargo, cr\u00edticos del documento se\u00f1alan que el pronunciamiento mezcla argumentos t\u00e9cnicos, temores econ\u00f3micos y posiciones pol\u00edticas sin presentar estudios concretos que respalden varias de sus afirmaciones puras palabras y ofertas con el consabido hecho de las gestiones pasadas del &#8220;caramelo&#8221;.<\/p>\n\n\n\n<p>Tambi\u00e9n recuerdan que el propio valle del Santa convive desde hace a\u00f1os con <strong>posesiones agr\u00edcolas que el Estado a\u00fan no ha logrado ordenar completamente<\/strong>, lo que vuelve m\u00e1s complejo el debate sobre c\u00f3mo integrar a esos agricultores dentro del desarrollo del proyecto.<\/p>\n\n\n\n<p>Mientras tanto, en los pasillos del sector agrario la discusi\u00f3n ya no gira solo en torno a la ley.<\/p>\n\n\n\n<p>Ahora tambi\u00e9n gira alrededor de <strong>la representatividad<\/strong>.<\/p>\n\n\n\n<p>Porque una cosa es firmar un documento institucional y otra muy distinta es poder afirmar, con absoluta legitimidad, que detr\u00e1s de esa firma est\u00e1n miles de agricultores.<\/p>\n\n\n\n<p>Y ah\u00ed aparece la paradoja que algunos productores comentan en voz baja:<br>un pronunciamiento que dice defender a \u201clas grandes mayor\u00edas\u201d, pero cuyos firmantes habr\u00edan sido elegidos por <strong>peque\u00f1as minor\u00edas dentro del propio sector agrario<\/strong>.<\/p>\n\n\n\n<p>En un tema tan sensible como el futuro de CHINECAS \u2014un proyecto que podr\u00eda transformar la econom\u00eda agr\u00edcola de la regi\u00f3n\u2014 el debate de fondo no solo deber\u00eda centrarse en <strong>qu\u00e9 ley se aprueba<\/strong>, sino tambi\u00e9n en <strong>qui\u00e9n tiene realmente la voz para hablar en nombre del campo<\/strong>.<\/p>\n\n\n\n<p>Porque en pol\u00edtica agraria, como en la vida, <strong>una firma puede ocupar mucho espacio en el papel\u2026 pero eso no siempre significa que represente a mucha gente.<\/strong><\/p>\n\n\n\n<p>El documento tambi\u00e9n advierte que la ley podr\u00eda generar un precedente que incentive nuevas invasiones en otros proyectos especiales del pa\u00eds.<\/p>\n\n\n\n<p>Se trata, sin embargo, de un escenario hipot\u00e9tico que el texto plantea como advertencia, sin citar antecedentes o estudios que respalden ese posible efecto.<\/p>\n\n\n\n<p>Mientras tanto, el debate sobre la Ley 8011 sigue abierto y refleja un conflicto m\u00e1s amplio en torno al desarrollo de CHINECAS: c\u00f3mo equilibrar la planificaci\u00f3n de un megaproyecto de irrigaci\u00f3n con la realidad territorial de los agricultores que actualmente ocupan o trabajan tierras en su \u00e1mbito.<\/p>\n\n\n\n<p>En ese contexto, el pronunciamiento dirigido al Congreso aporta una posici\u00f3n clara de rechazo a la norma, pero deja varios aspectos sin desarrollar en profundidad.<\/p>\n\n\n\n<figure class=\"wp-block-image size-large\"><img fetchpriority=\"high\" decoding=\"async\" width=\"737\" height=\"1024\" src=\"https:\/\/www.agriculturaenmarcha.com\/wp-content\/uploads\/2026\/03\/650308450_1536708428456079_4868969519275468514_n-737x1024.jpg\" alt=\"\" class=\"wp-image-5790\" srcset=\"https:\/\/www.agriculturaenmarcha.com\/wp-content\/uploads\/2026\/03\/650308450_1536708428456079_4868969519275468514_n-737x1024.jpg 737w, https:\/\/www.agriculturaenmarcha.com\/wp-content\/uploads\/2026\/03\/650308450_1536708428456079_4868969519275468514_n-216x300.jpg 216w, https:\/\/www.agriculturaenmarcha.com\/wp-content\/uploads\/2026\/03\/650308450_1536708428456079_4868969519275468514_n-768x1066.jpg 768w, https:\/\/www.agriculturaenmarcha.com\/wp-content\/uploads\/2026\/03\/650308450_1536708428456079_4868969519275468514_n-640x889.jpg 640w, https:\/\/www.agriculturaenmarcha.com\/wp-content\/uploads\/2026\/03\/650308450_1536708428456079_4868969519275468514_n.jpg 1076w\" sizes=\"(max-width: 737px) 100vw, 737px\" \/><\/figure>\n","protected":false},"excerpt":{"rendered":"<p>En el Per\u00fa hay documentos que pesan por sus argumentos\u2026 y otros que intentan pesar por la cantidad de firmas al pie de p\u00e1gina. El reciente \u201cpronunciamiento\u201d dirigido al Congreso de la Rep\u00fablica por los dirigentes de IRCHIM, SANTA y con excepci\u00f3n de NEPE\u00d1A contra la aprobaci\u00f3n en segunda votaci\u00f3n de la Ley 8011 sobre [&hellip;]<\/p>\n","protected":false},"author":2,"featured_media":5789,"comment_status":"open","ping_status":"open","sticky":false,"template":"","format":"standard","meta":{"footnotes":""},"categories":[20,32],"tags":[],"class_list":["post-5788","post","type-post","status-publish","format-standard","has-post-thumbnail","hentry","category-politica","category-principales"],"aioseo_notices":[],"_links":{"self":[{"href":"https:\/\/www.agriculturaenmarcha.com\/index.php\/wp-json\/wp\/v2\/posts\/5788","targetHints":{"allow":["GET"]}}],"collection":[{"href":"https:\/\/www.agriculturaenmarcha.com\/index.php\/wp-json\/wp\/v2\/posts"}],"about":[{"href":"https:\/\/www.agriculturaenmarcha.com\/index.php\/wp-json\/wp\/v2\/types\/post"}],"author":[{"embeddable":true,"href":"https:\/\/www.agriculturaenmarcha.com\/index.php\/wp-json\/wp\/v2\/users\/2"}],"replies":[{"embeddable":true,"href":"https:\/\/www.agriculturaenmarcha.com\/index.php\/wp-json\/wp\/v2\/comments?post=5788"}],"version-history":[{"count":1,"href":"https:\/\/www.agriculturaenmarcha.com\/index.php\/wp-json\/wp\/v2\/posts\/5788\/revisions"}],"predecessor-version":[{"id":5791,"href":"https:\/\/www.agriculturaenmarcha.com\/index.php\/wp-json\/wp\/v2\/posts\/5788\/revisions\/5791"}],"wp:featuredmedia":[{"embeddable":true,"href":"https:\/\/www.agriculturaenmarcha.com\/index.php\/wp-json\/wp\/v2\/media\/5789"}],"wp:attachment":[{"href":"https:\/\/www.agriculturaenmarcha.com\/index.php\/wp-json\/wp\/v2\/media?parent=5788"}],"wp:term":[{"taxonomy":"category","embeddable":true,"href":"https:\/\/www.agriculturaenmarcha.com\/index.php\/wp-json\/wp\/v2\/categories?post=5788"},{"taxonomy":"post_tag","embeddable":true,"href":"https:\/\/www.agriculturaenmarcha.com\/index.php\/wp-json\/wp\/v2\/tags?post=5788"}],"curies":[{"name":"wp","href":"https:\/\/api.w.org\/{rel}","templated":true}]}}