{"id":5850,"date":"2026-03-28T21:43:15","date_gmt":"2026-03-29T02:43:15","guid":{"rendered":"https:\/\/www.agriculturaenmarcha.com\/?p=5850"},"modified":"2026-03-28T21:43:17","modified_gmt":"2026-03-29T02:43:17","slug":"chinecas-si-va-meses-despues-del-anuncio-de-koki-noriega-la-presa-la-huaca-solo-existe-en-powerpoint","status":"publish","type":"post","link":"https:\/\/www.agriculturaenmarcha.com\/index.php\/2026\/03\/28\/chinecas-si-va-meses-despues-del-anuncio-de-koki-noriega-la-presa-la-huaca-solo-existe-en-powerpoint\/","title":{"rendered":"\u201cChinecas S\u00ed Va\u201d: meses despu\u00e9s del anuncio de Koki Noriega, la presa La Huaca solo existe en PowerPoint"},"content":{"rendered":"\n<p>Meses despu\u00e9s del lanzamiento del eslogan <strong>\u201cChinecas S\u00ed Va\u201d<\/strong>, promovido por el gobernador regional de \u00c1ncash, Fabi\u00e1n Noriega Brito, el debate sobre el futuro del megaproyecto hidroagr\u00edcola volvi\u00f3 a quedar envuelto en silencio y cuestionamientos sobre la transparencia de los estudios t\u00e9cnicos.<\/p>\n\n\n\n<p>El anuncio del reservorio <strong>La Huaca<\/strong> fue presentado en un evento realizado en el Instituto Superior <strong>Carlos Salazar Romero<\/strong>, donde el gobernador lleg\u00f3 acompa\u00f1ado por su denominada \u201cport\u00e1til\u201d de posesionarios de cinco hect\u00e1reas y dirigentes vinculados a juntas de usuarios del valle del Santa e Irchim.<\/p>\n\n\n\n<p>Durante la exposici\u00f3n, el mensaje central se resum\u00eda en una frase proyectada en una diapositiva: <strong>\u201cPresa en La Huaca s\u00ed va\u201d<\/strong>. Sin embargo, especialistas vinculados al proceso de estudios se\u00f1alaron que dicha alternativa <strong>no formaba parte de los an\u00e1lisis t\u00e9cnicos concluidos por la consultora<\/strong> encargada del estudio de preinversi\u00f3n.<\/p>\n\n\n\n<p>El ingeniero Pablo Ferradas Zumbide advirti\u00f3 en su momento que la propuesta del reservorio requer\u00eda <strong>mayor presupuesto, m\u00e1s evaluaciones t\u00e9cnicas y nuevas etapas de estudio<\/strong>, lo que en la pr\u00e1ctica hac\u00eda inviable su incorporaci\u00f3n inmediata dentro del esquema planteado para el proyecto.<\/p>\n\n\n\n<p>El episodio se suma a la pol\u00e9mica generada en la comisi\u00f3n multipartidaria del Congreso que sigue el caso del proyecto Proyecto Especial Chinecas, donde se hab\u00eda solicitado al Gobierno Regional <strong>mayor transparencia, socializaci\u00f3n de los avances del estudio y acceso a la informaci\u00f3n t\u00e9cnica<\/strong>.<\/p>\n\n\n\n<p>Pese a estas exigencias, la informaci\u00f3n detallada nunca lleg\u00f3 con claridad a los dirigentes ni a la opini\u00f3n p\u00fablica.<\/p>\n\n\n\n<p>El acto tambi\u00e9n record\u00f3 el episodio de la llamada <strong>\u201cunidad de dirigentes\u201d<\/strong>, cuando un grupo de representantes viaj\u00f3 para respaldar el proyecto y termin\u00f3 envuelto en la pol\u00e9mica del denominado <strong>\u201ccaramelo\u201d<\/strong>, expresi\u00f3n utilizada por cr\u00edticos del proceso para describir promesas que luego no se sostienen en los documentos t\u00e9cnicos.<\/p>\n\n\n\n<p>Hoy, meses despu\u00e9s de aquella presentaci\u00f3n realizada el <strong>11 de septiembre de 2025<\/strong>, la situaci\u00f3n sigue pr\u00e1cticamente igual: <strong>el reservorio La Huaca contin\u00faa apareciendo en presentaciones y discursos pol\u00edticos, pero no en los estudios t\u00e9cnicos concluidos<\/strong> del proyecto.<\/p>\n\n\n\n<p>Mientras tanto, el silencio de las autoridades y de varios dirigentes del sector mantiene abierta la misma interrogante que recorre los valles de \u00c1ncash: si el anuncio fue el inicio real del nuevo Chinecas o simplemente <strong>otro cap\u00edtulo del \u201ccaramelo\u201d pol\u00edtico que acompa\u00f1a a este proyecto desde hace d\u00e9cadas<\/strong>.<\/p>\n\n\n<figure class=\"wp-block-embed-youtube wp-block-embed is-type-video is-provider-youtube wp-embed-aspect-16-9 wp-has-aspect-ratio\"><div class=\"lyte-wrapper fourthree\" title=\"&ldquo;PRESA LA HUACA: &iquest;SOLO EN POWERPOINT?&rdquo;@AgriculturaenMarcha\" style=\"width:420px;max-width:100%;margin:5px;\"><div class=\"lyMe\" id=\"WYL_gcGR3x7NuCE\" itemprop=\"video\" itemscope itemtype=\"https:\/\/schema.org\/VideoObject\"><div><meta itemprop=\"thumbnailUrl\" content=\"https:\/\/i.ytimg.com\/vi\/gcGR3x7NuCE\/hqdefault.jpg\" \/><meta itemprop=\"embedURL\" content=\"https:\/\/www.youtube.com\/embed\/gcGR3x7NuCE\" \/><meta itemprop=\"duration\" content=\"PT4M22S\" \/><meta itemprop=\"uploadDate\" content=\"2026-03-29T02:40:20Z\" \/><\/div><div id=\"lyte_gcGR3x7NuCE\" data-src=\"https:\/\/i.ytimg.com\/vi\/gcGR3x7NuCE\/hqdefault.jpg\" class=\"pL\"><div class=\"tC\"><div class=\"tT\" itemprop=\"name\">\u201cPRESA LA HUACA: \u00bfSOLO EN POWERPOINT?\u201d@AgriculturaenMarcha<\/div><\/div><div class=\"play\"><\/div><div class=\"ctrl\"><div class=\"Lctrl\"><\/div><div class=\"Rctrl\"><\/div><\/div><\/div><noscript><a href=\"https:\/\/youtu.be\/gcGR3x7NuCE\" rel=\"nofollow\"><img fetchpriority=\"high\" decoding=\"async\" src=\"https:\/\/i.ytimg.com\/vi\/gcGR3x7NuCE\/0.jpg\" alt=\"&ldquo;PRESA LA HUACA: &iquest;SOLO EN POWERPOINT?&rdquo;@AgriculturaenMarcha\" width=\"420\" height=\"295\" \/><br \/>Watch this video on YouTube<\/a><\/noscript><meta itemprop=\"description\" content=\"El 11 de septiembre de 2025 se lanz\u00f3 con aplausos y consignas el famoso \u201cChinecas S\u00ed Va\u201d, impulsado por el gobernador regional de \u00c1ncash, Fabi\u00e1n Noriega Brito. En un evento realizado en el Instituto Carlos Salazar Romero, se present\u00f3 como gran anuncio la construcci\u00f3n del reservorio La Huaca dentro del nuevo esquema del Proyecto Especial Chinecas. Sin embargo, especialistas vinculados al estudio t\u00e9cnico advirtieron que esa alternativa no formaba parte de los an\u00e1lisis concluidos de la consultora. El ingeniero Pablo Ferradas Zumbide se\u00f1al\u00f3 que esa propuesta requer\u00eda m\u00e1s presupuesto y nuevos estudios, por lo que no pod\u00eda considerarse viable dentro de la etapa presentada. La comisi\u00f3n multipartidaria del Congreso tambi\u00e9n hab\u00eda pedido transparencia y socializaci\u00f3n de los avances del estudio, pero la informaci\u00f3n completa nunca lleg\u00f3 a los dirigentes ni a la poblaci\u00f3n. Hoy, meses despu\u00e9s del anuncio, la realidad es otra: el reservorio La Huaca aparece en presentaciones pol\u00edticas, pero no en los estudios t\u00e9cnicos del proyecto. Y en los valles de \u00c1ncash la pregunta sigue flotando: \u00bffue el inicio del verdadero Chinecas\u2026 o simplemente otro cap\u00edtulo del famoso \u201ccaramelo\u201d que rodea este proyecto desde hace d\u00e9cadas? SUSCR\u00cdBETE \u2192 \/ https:\/\/www.youtube.com\/@AgriculturaenMarcha Participacion por WhatsApp \u2192 981 535540 M\u00e1s noticias \u2192 agriculturaenmarcha.com TikTok: https:\/\/www.tiktok.com\/@miguelangelpalomi594 Facebook: \/ https:\/\/www.facebook.com\/agriculturaenmarcha\/ Instagram: https:\/\/www.instagram.com\/agiculturaenamarcha\/ x.com: https:\/\/x.com\/MiguelAnge68529\"><\/div><\/div><div class=\"lL\" style=\"max-width:100%;width:420px;margin:5px;\"><\/div><figcaption><\/figcaption><\/figure>","protected":false},"excerpt":{"rendered":"<p>Meses despu\u00e9s del lanzamiento del eslogan \u201cChinecas S\u00ed Va\u201d, promovido por el gobernador regional de \u00c1ncash, Fabi\u00e1n Noriega Brito, el debate sobre el futuro del megaproyecto hidroagr\u00edcola volvi\u00f3 a quedar envuelto en silencio y cuestionamientos sobre la transparencia de los estudios t\u00e9cnicos. El anuncio del reservorio La Huaca fue presentado en un evento realizado en [&hellip;]<\/p>\n","protected":false},"author":2,"featured_media":5851,"comment_status":"open","ping_status":"open","sticky":false,"template":"","format":"standard","meta":{"footnotes":""},"categories":[31,32],"tags":[],"class_list":["post-5850","post","type-post","status-publish","format-standard","has-post-thumbnail","hentry","category-populares","category-principales"],"aioseo_notices":[],"_links":{"self":[{"href":"https:\/\/www.agriculturaenmarcha.com\/index.php\/wp-json\/wp\/v2\/posts\/5850","targetHints":{"allow":["GET"]}}],"collection":[{"href":"https:\/\/www.agriculturaenmarcha.com\/index.php\/wp-json\/wp\/v2\/posts"}],"about":[{"href":"https:\/\/www.agriculturaenmarcha.com\/index.php\/wp-json\/wp\/v2\/types\/post"}],"author":[{"embeddable":true,"href":"https:\/\/www.agriculturaenmarcha.com\/index.php\/wp-json\/wp\/v2\/users\/2"}],"replies":[{"embeddable":true,"href":"https:\/\/www.agriculturaenmarcha.com\/index.php\/wp-json\/wp\/v2\/comments?post=5850"}],"version-history":[{"count":1,"href":"https:\/\/www.agriculturaenmarcha.com\/index.php\/wp-json\/wp\/v2\/posts\/5850\/revisions"}],"predecessor-version":[{"id":5852,"href":"https:\/\/www.agriculturaenmarcha.com\/index.php\/wp-json\/wp\/v2\/posts\/5850\/revisions\/5852"}],"wp:featuredmedia":[{"embeddable":true,"href":"https:\/\/www.agriculturaenmarcha.com\/index.php\/wp-json\/wp\/v2\/media\/5851"}],"wp:attachment":[{"href":"https:\/\/www.agriculturaenmarcha.com\/index.php\/wp-json\/wp\/v2\/media?parent=5850"}],"wp:term":[{"taxonomy":"category","embeddable":true,"href":"https:\/\/www.agriculturaenmarcha.com\/index.php\/wp-json\/wp\/v2\/categories?post=5850"},{"taxonomy":"post_tag","embeddable":true,"href":"https:\/\/www.agriculturaenmarcha.com\/index.php\/wp-json\/wp\/v2\/tags?post=5850"}],"curies":[{"name":"wp","href":"https:\/\/api.w.org\/{rel}","templated":true}]}}