{"id":5916,"date":"2026-04-04T12:18:01","date_gmt":"2026-04-04T17:18:01","guid":{"rendered":"https:\/\/www.agriculturaenmarcha.com\/?p=5916"},"modified":"2026-04-04T12:18:03","modified_gmt":"2026-04-04T17:18:03","slug":"mientras-en-chimbote-nos-endulzan-con-la-ciruela-de-viru-aqui-seguimos-sin-saber-que-hacer-con-nuestra-palta-mango-y-maracuya","status":"publish","type":"post","link":"https:\/\/www.agriculturaenmarcha.com\/index.php\/2026\/04\/04\/mientras-en-chimbote-nos-endulzan-con-la-ciruela-de-viru-aqui-seguimos-sin-saber-que-hacer-con-nuestra-palta-mango-y-maracuya\/","title":{"rendered":"Mientras en Chimbote nos endulzan con la Ciruela de Vir\u00fa\u2026 aqu\u00ed seguimos sin saber qu\u00e9 hacer con nuestra palta, mango y maracuy\u00e1"},"content":{"rendered":"\n<p>De un momento a otro han brotado por todos lados las publicaciones anunciando con bombos, platillos y cucharita de postre la presentaci\u00f3n de la XXVI Feria Internacional de la Ciruela de Vir\u00fa. Que habr\u00e1 productos derivados de la ciruela, gastronom\u00eda, bailes, artesan\u00eda y hasta exposici\u00f3n este lunes en el Vivero Forestal de Chimbote. Todo muy bonito, muy elegante, muy morado. Casi faltaba declarar feriado regional para que la gente salga abrazando una ciruela por la plaza. <\/p>\n\n\n\n<p>Y uno se pregunta, con la inocencia que todav\u00eda le queda despu\u00e9s de tantos a\u00f1os viendo autoridades: \u00bfVir\u00fa queda en \u00c1ncash o ya nos mudaron de regi\u00f3n y nadie avis\u00f3? Porque la feria es de La Libertad, y aqu\u00ed los medios, felices de la vida, la promocionan con una emoci\u00f3n que ni cuando hay lanzamiento de cosecha de mango en La Carbonera, de palta en el valle o de maracuy\u00e1 en Santa.<\/p>\n\n\n\n<p>Hace poco fue el s\u00e9ptimo lanzamiento de la cosecha de mango en La Carbonera. Un cultivo que crece, que genera trabajo, que tiene futuro. Pero termin\u00f3 saliendo casi como si fuera producci\u00f3n de Casma. Gracias, por supuesto, a esa habilidad casi art\u00edstica del gobernador regional Koki Noriega para mirar al campo y no ver nada. Un talento raro. Como esos magos que desaparecen cosas, pero \u00e9l desaparece oportunidades. <\/p>\n\n\n\n<p>Cinco a\u00f1os han pasado viendo lanzamientos de la feria de la ciruela en Chimbote y nadie se ha detenido un segundo a preguntarse: \u00bfy nosotros qu\u00e9? \u00bfQu\u00e9 pasa con nuestras ferias? \u00bfCon la palta, el mango, la maracuy\u00e1, el lim\u00f3n, el aj\u00ed, los productos del valle Santa-Lacramarca? Si tuvi\u00e9ramos un poquito de amor propio regional, ya tendr\u00edamos la Feria de la Palta, el Festival del Mango, la Ruta de la Maracuy\u00e1 y hasta el D\u00eda Mundial del Agricultor que Sobrevive Sin Apoyo. Porque material sobra. Lo que falta es voluntad. Y neuronas en ciertas oficinas p\u00fablicas. <\/p>\n\n\n\n<p>Pero desde la Municipalidad Provincial del Santa, silencio absoluto. Cero intenci\u00f3n. El Vivero Forestal sirve para presentar ferias de otros, pero no para impulsar lo nuestro. Extra\u00f1o fen\u00f3meno. Para Vir\u00fa hay local, difusi\u00f3n, entusiasmo y alfombra roja. Para los agricultores del Santa, Sedir Moro y Lacramarca, ni una silla pl\u00e1stica bajo la sombra. Quiz\u00e1 porque los n\u00fameros que deja Vir\u00fa son bastante dulces. Tan dulces como la ciruela. Y aqu\u00ed a nuestros productores les cobran cifras estratosf\u00e9ricas por cualquier difusi\u00f3n, como si estuvieran vendiendo oro y no una caja de mango. <\/p>\n\n\n\n<p>Mientras tanto, Santa y la provincia siguen mirando hacia el mar, como si el campo fuera una leyenda urbana. Las autoridades hablan de pesca, puerto, rompeolas y gaviotas, mientras a unos kil\u00f3metros hay agricultores sacando adelante el valle solos, sin municipalidad, sin regi\u00f3n y casi sin que nadie los mire.<\/p>\n\n\n\n<p>La \u00fanica instituci\u00f3n que parece sacar la cara por el agro es Sedir Moro. Los dem\u00e1s, bien gracias. Ocupados quiz\u00e1 eligiendo qu\u00e9 ciruela probar primero.<\/p>\n\n\n\n<p>Y entonces queda una pregunta flotando en el aire, dulce, pegajosa y ligeramente venenosa: \u00bfChinecas dir\u00e1 algo? \u00bfElevar\u00e1 un pronunciamiento por semejante afrenta? Porque una cosa es que La Libertad promocione su ciruela, lo cual est\u00e1 perfecto, cada quien vende lo suyo. Pero otra es que nosotros pongamos el escenario, el micr\u00f3fono, las luces y hasta los aplausos&#8230; mientras nuestra palta, nuestro mango y nuestra maracuy\u00e1 siguen esperando en la puerta, como invitados que nunca entran a la fiesta. <\/p>\n\n\n\n<p>En fin. La entrada es gratis. Vayan, prueben la ciruela, endulcen el paladar, salgan bien enmielados. Provecho. Les deseo el doble. Nosotros seguiremos esperando el d\u00eda en que a alguien se le ocurra promocionar \u00c1ncash en \u00c1ncash. Tremenda idea revolucionaria.<\/p>\n\n\n\n<figure class=\"wp-block-gallery has-nested-images columns-default is-cropped wp-block-gallery-1 is-layout-flex wp-block-gallery-is-layout-flex\">\n<figure class=\"wp-block-image size-large\"><img fetchpriority=\"high\" decoding=\"async\" width=\"1024\" height=\"683\" data-id=\"5918\" src=\"https:\/\/www.agriculturaenmarcha.com\/wp-content\/uploads\/2026\/04\/666212009_4316190581983052_2222373787338586966_n-1024x683.jpg\" alt=\"\" class=\"wp-image-5918\" srcset=\"https:\/\/www.agriculturaenmarcha.com\/wp-content\/uploads\/2026\/04\/666212009_4316190581983052_2222373787338586966_n-1024x683.jpg 1024w, https:\/\/www.agriculturaenmarcha.com\/wp-content\/uploads\/2026\/04\/666212009_4316190581983052_2222373787338586966_n-300x200.jpg 300w, https:\/\/www.agriculturaenmarcha.com\/wp-content\/uploads\/2026\/04\/666212009_4316190581983052_2222373787338586966_n-768x512.jpg 768w, https:\/\/www.agriculturaenmarcha.com\/wp-content\/uploads\/2026\/04\/666212009_4316190581983052_2222373787338586966_n-640x427.jpg 640w, https:\/\/www.agriculturaenmarcha.com\/wp-content\/uploads\/2026\/04\/666212009_4316190581983052_2222373787338586966_n.jpg 1080w\" sizes=\"(max-width: 1024px) 100vw, 1024px\" \/><\/figure>\n\n\n\n<figure class=\"wp-block-image size-large\"><img decoding=\"async\" width=\"1024\" height=\"683\" data-id=\"5920\" src=\"https:\/\/www.agriculturaenmarcha.com\/wp-content\/uploads\/2026\/04\/665928799_4316190445316399_7154065031931267187_n-1024x683.jpg\" alt=\"\" class=\"wp-image-5920\" srcset=\"https:\/\/www.agriculturaenmarcha.com\/wp-content\/uploads\/2026\/04\/665928799_4316190445316399_7154065031931267187_n-1024x683.jpg 1024w, https:\/\/www.agriculturaenmarcha.com\/wp-content\/uploads\/2026\/04\/665928799_4316190445316399_7154065031931267187_n-300x200.jpg 300w, https:\/\/www.agriculturaenmarcha.com\/wp-content\/uploads\/2026\/04\/665928799_4316190445316399_7154065031931267187_n-768x512.jpg 768w, https:\/\/www.agriculturaenmarcha.com\/wp-content\/uploads\/2026\/04\/665928799_4316190445316399_7154065031931267187_n-640x427.jpg 640w, https:\/\/www.agriculturaenmarcha.com\/wp-content\/uploads\/2026\/04\/665928799_4316190445316399_7154065031931267187_n.jpg 1080w\" sizes=\"(max-width: 1024px) 100vw, 1024px\" \/><\/figure>\n<\/figure>\n","protected":false},"excerpt":{"rendered":"<p>De un momento a otro han brotado por todos lados las publicaciones anunciando con bombos, platillos y cucharita de postre la presentaci\u00f3n de la XXVI Feria Internacional de la Ciruela de Vir\u00fa. Que habr\u00e1 productos derivados de la ciruela, gastronom\u00eda, bailes, artesan\u00eda y hasta exposici\u00f3n este lunes en el Vivero Forestal de Chimbote. Todo muy [&hellip;]<\/p>\n","protected":false},"author":2,"featured_media":5917,"comment_status":"open","ping_status":"open","sticky":false,"template":"","format":"standard","meta":{"footnotes":""},"categories":[32,17],"tags":[],"class_list":["post-5916","post","type-post","status-publish","format-standard","has-post-thumbnail","hentry","category-principales","category-region-ancash"],"aioseo_notices":[],"_links":{"self":[{"href":"https:\/\/www.agriculturaenmarcha.com\/index.php\/wp-json\/wp\/v2\/posts\/5916","targetHints":{"allow":["GET"]}}],"collection":[{"href":"https:\/\/www.agriculturaenmarcha.com\/index.php\/wp-json\/wp\/v2\/posts"}],"about":[{"href":"https:\/\/www.agriculturaenmarcha.com\/index.php\/wp-json\/wp\/v2\/types\/post"}],"author":[{"embeddable":true,"href":"https:\/\/www.agriculturaenmarcha.com\/index.php\/wp-json\/wp\/v2\/users\/2"}],"replies":[{"embeddable":true,"href":"https:\/\/www.agriculturaenmarcha.com\/index.php\/wp-json\/wp\/v2\/comments?post=5916"}],"version-history":[{"count":1,"href":"https:\/\/www.agriculturaenmarcha.com\/index.php\/wp-json\/wp\/v2\/posts\/5916\/revisions"}],"predecessor-version":[{"id":5921,"href":"https:\/\/www.agriculturaenmarcha.com\/index.php\/wp-json\/wp\/v2\/posts\/5916\/revisions\/5921"}],"wp:featuredmedia":[{"embeddable":true,"href":"https:\/\/www.agriculturaenmarcha.com\/index.php\/wp-json\/wp\/v2\/media\/5917"}],"wp:attachment":[{"href":"https:\/\/www.agriculturaenmarcha.com\/index.php\/wp-json\/wp\/v2\/media?parent=5916"}],"wp:term":[{"taxonomy":"category","embeddable":true,"href":"https:\/\/www.agriculturaenmarcha.com\/index.php\/wp-json\/wp\/v2\/categories?post=5916"},{"taxonomy":"post_tag","embeddable":true,"href":"https:\/\/www.agriculturaenmarcha.com\/index.php\/wp-json\/wp\/v2\/tags?post=5916"}],"curies":[{"name":"wp","href":"https:\/\/api.w.org\/{rel}","templated":true}]}}