{"id":5931,"date":"2026-04-06T14:55:57","date_gmt":"2026-04-06T19:55:57","guid":{"rendered":"https:\/\/www.agriculturaenmarcha.com\/?p=5931"},"modified":"2026-04-06T14:57:19","modified_gmt":"2026-04-06T19:57:19","slug":"convocan-a-informe-de-100-dias-de-gestion-bajo-liderazgo-de-agustin-ledesma-aguirre","status":"publish","type":"post","link":"https:\/\/www.agriculturaenmarcha.com\/index.php\/2026\/04\/06\/convocan-a-informe-de-100-dias-de-gestion-bajo-liderazgo-de-agustin-ledesma-aguirre\/","title":{"rendered":"Convocan a informe de 100 d\u00edas de gesti\u00f3n bajo liderazgo de Agust\u00edn Ledesma Aguirre"},"content":{"rendered":"\n<p>En un contexto donde la transparencia suele aparecer solo en discursos y no siempre en la pr\u00e1ctica, la nueva gesti\u00f3n encabezada por el ingeniero Agust\u00edn Ledesma Aguirre ha convocado a una asamblea para la presentaci\u00f3n del informe de sus primeros 100 d\u00edas de trabajo.<\/p>\n\n\n\n<p>La actividad busca dar cuenta de los avances, decisiones y acciones ejecutadas desde el inicio de la actual administraci\u00f3n, en un periodo clave donde se define si las promesas iniciales comienzan a tomar forma\u2026 o se quedan c\u00f3modamente archivadas.<\/p>\n\n\n\n<p>Seg\u00fan la convocatoria, este espacio permitir\u00e1 a los usuarios y dirigentes conocer de primera mano el estado de la gesti\u00f3n, as\u00ed como evaluar el cumplimiento de compromisos asumidos. En teor\u00eda, tambi\u00e9n deber\u00eda servir para responder esas preguntas inc\u00f3modas que siempre aparecen cuando se pasa del discurso a los resultados.<\/p>\n\n\n\n<p>El informe de los 100 d\u00edas se ha convertido en una especie de examen p\u00fablico para las nuevas autoridades. Algunos lo usan para mostrar logros reales; otros, para hacer malabares con cifras y palabras. La expectativa ahora recae en si esta gesti\u00f3n optar\u00e1 por lo primero\u2026 o perfeccionar\u00e1 lo segundo.<\/p>\n\n\n\n<p>La participaci\u00f3n de los usuarios ser\u00e1 clave, no solo como oyentes, sino como fiscalizadores de una gesti\u00f3n que, como todas, est\u00e1 obligada a rendir cuentas m\u00e1s all\u00e1 de los titulares.<\/p>\n\n\n\n<p>Porque al final, los 100 d\u00edas no son el final de nada\u2026 pero s\u00ed el primer indicio de hacia d\u00f3nde va realmente el rumbo.<\/p>\n\n\n\n<figure class=\"wp-block-image size-large\"><img fetchpriority=\"high\" decoding=\"async\" width=\"724\" height=\"1024\" src=\"https:\/\/www.agriculturaenmarcha.com\/wp-content\/uploads\/2026\/04\/CITACION-ASAMBLEA-17.04.2026-1_page-0001-724x1024.jpg\" alt=\"\" class=\"wp-image-5934\" srcset=\"https:\/\/www.agriculturaenmarcha.com\/wp-content\/uploads\/2026\/04\/CITACION-ASAMBLEA-17.04.2026-1_page-0001-724x1024.jpg 724w, https:\/\/www.agriculturaenmarcha.com\/wp-content\/uploads\/2026\/04\/CITACION-ASAMBLEA-17.04.2026-1_page-0001-212x300.jpg 212w, https:\/\/www.agriculturaenmarcha.com\/wp-content\/uploads\/2026\/04\/CITACION-ASAMBLEA-17.04.2026-1_page-0001-768x1086.jpg 768w, https:\/\/www.agriculturaenmarcha.com\/wp-content\/uploads\/2026\/04\/CITACION-ASAMBLEA-17.04.2026-1_page-0001-1087x1536.jpg 1087w, https:\/\/www.agriculturaenmarcha.com\/wp-content\/uploads\/2026\/04\/CITACION-ASAMBLEA-17.04.2026-1_page-0001-640x905.jpg 640w, https:\/\/www.agriculturaenmarcha.com\/wp-content\/uploads\/2026\/04\/CITACION-ASAMBLEA-17.04.2026-1_page-0001.jpg 1240w\" sizes=\"(max-width: 724px) 100vw, 724px\" \/><\/figure>\n\n\n\n<hr class=\"wp-block-separator has-alpha-channel-opacity\"\/>\n\n\n\n<figure class=\"wp-block-image size-large\"><img decoding=\"async\" width=\"1024\" height=\"216\" src=\"https:\/\/www.agriculturaenmarcha.com\/wp-content\/uploads\/2026\/03\/001-rr-3-1024x216.jpg\" alt=\"\" class=\"wp-image-5870\" srcset=\"https:\/\/www.agriculturaenmarcha.com\/wp-content\/uploads\/2026\/03\/001-rr-3-1024x216.jpg 1024w, https:\/\/www.agriculturaenmarcha.com\/wp-content\/uploads\/2026\/03\/001-rr-3-300x63.jpg 300w, https:\/\/www.agriculturaenmarcha.com\/wp-content\/uploads\/2026\/03\/001-rr-3-768x162.jpg 768w, https:\/\/www.agriculturaenmarcha.com\/wp-content\/uploads\/2026\/03\/001-rr-3-1536x324.jpg 1536w, https:\/\/www.agriculturaenmarcha.com\/wp-content\/uploads\/2026\/03\/001-rr-3-2048x432.jpg 2048w, https:\/\/www.agriculturaenmarcha.com\/wp-content\/uploads\/2026\/03\/001-rr-3-640x135.jpg 640w\" sizes=\"(max-width: 1024px) 100vw, 1024px\" \/><\/figure>\n","protected":false},"excerpt":{"rendered":"<p>En un contexto donde la transparencia suele aparecer solo en discursos y no siempre en la pr\u00e1ctica, la nueva gesti\u00f3n encabezada por el ingeniero Agust\u00edn Ledesma Aguirre ha convocado a una asamblea para la presentaci\u00f3n del informe de sus primeros 100 d\u00edas de trabajo. La actividad busca dar cuenta de los avances, decisiones y acciones [&hellip;]<\/p>\n","protected":false},"author":2,"featured_media":5932,"comment_status":"open","ping_status":"open","sticky":false,"template":"","format":"standard","meta":{"footnotes":""},"categories":[32],"tags":[],"class_list":["post-5931","post","type-post","status-publish","format-standard","has-post-thumbnail","hentry","category-principales"],"aioseo_notices":[],"_links":{"self":[{"href":"https:\/\/www.agriculturaenmarcha.com\/index.php\/wp-json\/wp\/v2\/posts\/5931","targetHints":{"allow":["GET"]}}],"collection":[{"href":"https:\/\/www.agriculturaenmarcha.com\/index.php\/wp-json\/wp\/v2\/posts"}],"about":[{"href":"https:\/\/www.agriculturaenmarcha.com\/index.php\/wp-json\/wp\/v2\/types\/post"}],"author":[{"embeddable":true,"href":"https:\/\/www.agriculturaenmarcha.com\/index.php\/wp-json\/wp\/v2\/users\/2"}],"replies":[{"embeddable":true,"href":"https:\/\/www.agriculturaenmarcha.com\/index.php\/wp-json\/wp\/v2\/comments?post=5931"}],"version-history":[{"count":2,"href":"https:\/\/www.agriculturaenmarcha.com\/index.php\/wp-json\/wp\/v2\/posts\/5931\/revisions"}],"predecessor-version":[{"id":5935,"href":"https:\/\/www.agriculturaenmarcha.com\/index.php\/wp-json\/wp\/v2\/posts\/5931\/revisions\/5935"}],"wp:featuredmedia":[{"embeddable":true,"href":"https:\/\/www.agriculturaenmarcha.com\/index.php\/wp-json\/wp\/v2\/media\/5932"}],"wp:attachment":[{"href":"https:\/\/www.agriculturaenmarcha.com\/index.php\/wp-json\/wp\/v2\/media?parent=5931"}],"wp:term":[{"taxonomy":"category","embeddable":true,"href":"https:\/\/www.agriculturaenmarcha.com\/index.php\/wp-json\/wp\/v2\/categories?post=5931"},{"taxonomy":"post_tag","embeddable":true,"href":"https:\/\/www.agriculturaenmarcha.com\/index.php\/wp-json\/wp\/v2\/tags?post=5931"}],"curies":[{"name":"wp","href":"https:\/\/api.w.org\/{rel}","templated":true}]}}