{"id":5936,"date":"2026-04-08T13:52:52","date_gmt":"2026-04-08T18:52:52","guid":{"rendered":"https:\/\/www.agriculturaenmarcha.com\/?p=5936"},"modified":"2026-04-08T13:52:54","modified_gmt":"2026-04-08T18:52:54","slug":"cierres-de-campana-sin-arrastre-y-el-agro-toma-postura-por-su-propio-candidato","status":"publish","type":"post","link":"https:\/\/www.agriculturaenmarcha.com\/index.php\/2026\/04\/08\/cierres-de-campana-sin-arrastre-y-el-agro-toma-postura-por-su-propio-candidato\/","title":{"rendered":"Cierres de campa\u00f1a sin arrastre y el agro toma postura por su propio candidato"},"content":{"rendered":"\n<p>La recta final de la campa\u00f1a electoral viene dejando im\u00e1genes poco alentadoras para algunos partidos tradicionales. Los recientes cierres de campa\u00f1a de Renovaci\u00f3n Popular y Fuerza Popular evidenciaron una escasa presencia de p\u00fablico, situaci\u00f3n que fue registrada y difundida en redes sociales por el periodista Manuel Manrique, mostrando escenarios lejos de la convocatoria esperada.<\/p>\n\n\n\n<p>En contraste con este panorama, el sector agrario empieza a marcar posici\u00f3n con mayor claridad. Durante el programa #AgriculturaEnMarcha, la productora Felicita Vel\u00e1squez, del sector La Carbonera, manifest\u00f3 de manera firme su respaldo al candidato del agro Roger Reyes Vereau, quien postula con el N.\u00b0 5 por Podemos Per\u00fa.<\/p>\n\n\n\n<p>Su pronunciamiento no es aislado. A este respaldo se suma tambi\u00e9n el productor An\u00edbal \u00c1lvarez, quien coincide en la necesidad de que los agricultores cuenten con una representaci\u00f3n aut\u00e9ntica en el escenario pol\u00edtico, alguien que conozca de cerca las problem\u00e1ticas del campo.<\/p>\n\n\n\n<p>En una l\u00ednea similar, Edgar Flores Bobadilla destac\u00f3 que, m\u00e1s all\u00e1 de pertenecer a otra agrupaci\u00f3n pol\u00edtica como Fuerza Popular, reconoce en Reyes Vereau una candidatura coherente con las demandas del agro, sum\u00e1ndose al respaldo colectivo.<\/p>\n\n\n\n<p>\u201cNo es sencillo ser candidato, implica sacrificio y gasto. Por eso debemos apoyarlo, porque es el \u00fanico que lleva la voz del agro\u201d, se\u00f1alaron, remarcando la importancia de apostar por una representaci\u00f3n directa.<\/p>\n\n\n\n<p>As\u00ed, mientras algunos cierres de campa\u00f1a reflejan debilidad en convocatoria, desde el campo se construye un mensaje distinto: el agro no espera promesas, empieza a tomar decisiones.<\/p>\n\n\n<figure class=\"wp-block-embed-youtube wp-block-embed is-type-video is-provider-youtube wp-embed-aspect-16-9 wp-has-aspect-ratio\"><div class=\"lyte-wrapper fourthree\" title=\"\ud83c\udf0d\ud835\uddd8\ud835\uddfb \ud835\udde9\ud835\uddf6\ud835\udde9\ud835\uddfc I #AgriculturaEnMarcha, informativo del agro de Chimbote, Ancash 8 abril 2026\" style=\"width:420px;max-width:100%;margin:5px;\"><div class=\"lyMe\" id=\"WYL_sFRSwf3ha2o\" itemprop=\"video\" itemscope itemtype=\"https:\/\/schema.org\/VideoObject\"><div><meta itemprop=\"thumbnailUrl\" content=\"https:\/\/i.ytimg.com\/vi\/sFRSwf3ha2o\/hqdefault_live.jpg\" \/><meta itemprop=\"embedURL\" content=\"https:\/\/www.youtube.com\/embed\/sFRSwf3ha2o\" \/><meta itemprop=\"duration\" content=\"PT53M11S\" \/><meta itemprop=\"uploadDate\" content=\"2026-04-08T11:08:09Z\" \/><\/div><div id=\"lyte_sFRSwf3ha2o\" data-src=\"https:\/\/i.ytimg.com\/vi\/sFRSwf3ha2o\/hqdefault_live.jpg\" class=\"pL\"><div class=\"tC\"><div class=\"tT\" itemprop=\"name\">\ud83c\udf0d\ud835\uddd8\ud835\uddfb \ud835\udde9\ud835\uddf6\ud835\udde9\ud835\uddfc I #AgriculturaEnMarcha, informativo del agro de Chimbote, Ancash 8 abril 2026<\/div><\/div><div class=\"play\"><\/div><div class=\"ctrl\"><div class=\"Lctrl\"><\/div><div class=\"Rctrl\"><\/div><\/div><\/div><noscript><a href=\"https:\/\/youtu.be\/sFRSwf3ha2o\" rel=\"nofollow\"><img fetchpriority=\"high\" decoding=\"async\" src=\"https:\/\/i.ytimg.com\/vi\/sFRSwf3ha2o\/0.jpg\" alt=\"\ud83c\udf0d\ud835\uddd8\ud835\uddfb \ud835\udde9\ud835\uddf6\ud835\udde9\ud835\uddfc I #AgriculturaEnMarcha, informativo del agro de Chimbote, Ancash 8 abril 2026\" width=\"420\" height=\"295\" \/><br \/>Watch this video on YouTube<\/a><\/noscript><meta itemprop=\"description\" content=\"En el programa de hoy de #AgriculturaEnMarcha iniciamos con una mirada directa a la realidad pol\u00edtica del momento: los cierres de campa\u00f1a de los principales candidatos de Renovaci\u00f3n Popular y Fuerza Popular, que lejos de mostrar fuerza, evidenciaron una escasa presencia de p\u00fablico. As\u00ed lo report\u00f3 Manuel Manrique a trav\u00e9s de videos difundidos en redes sociales, dejando en evidencia el \u00e1nimo fr\u00edo de esta recta final electoral. Seguidamente, desarrollamos una importante entrevista telef\u00f3nica con Felicita Vel\u00e1squez, productora del sector La Carbonera, quien expres\u00f3 con firmeza su respaldo al representante del agro, Roger Reyes Vereau, candidato con el N.\u00b0 5 por Podemos Per\u00fa. Su mensaje fue claro: el agro necesita voz propia y representaci\u00f3n real. A esta posici\u00f3n se suma tambi\u00e9n el productor An\u00edbal \u00c1lvarez, quien reafirma su apoyo a Reyes Vereau, destacando la necesidad de que el sector agrario tenga presencia directa en la toma de decisiones pol\u00edticas. En esa misma l\u00ednea, Edgar Flores Bobadilla se incorpora a este respaldo colectivo, subrayando que, m\u00e1s all\u00e1 de pertenecer a otra agrupaci\u00f3n pol\u00edtica como Fuerza Popular, reconoce en Roger Reyes Vereau al \u00fanico candidato que verdaderamente representa los intereses de los agricultores. \u201cActuamos con coherencia. No es sencillo ser candidato, implica sacrificio y gasto. Por eso debemos apoyarlo, porque es el \u00fanico que lleva la voz del agro de Chimbote, \u00c1ncash y el Per\u00fa\u201d, enfatiz\u00f3. El mensaje es claro: el agro no solo produce, tambi\u00e9n decide. SUSCR\u00cdBETE \u2192 \/ https:\/\/www.youtube.com\/@AgriculturaenMarcha Participacion por WhatsApp \u2192 981 535540 M\u00e1s noticias \u2192 agriculturaenmarcha.com TikTok: https:\/\/www.tiktok.com\/@miguelangelpalomi594 Facebook: \/ https:\/\/www.facebook.com\/agriculturaenmarcha\/ Instagram: https:\/\/www.instagram.com\/agiculturaenamarcha\/ x.com: https:\/\/x.com\/MiguelAnge68529\"><\/div><\/div><div class=\"lL\" style=\"max-width:100%;width:420px;margin:5px;\"><\/div><figcaption><\/figcaption><\/figure>","protected":false},"excerpt":{"rendered":"<p>La recta final de la campa\u00f1a electoral viene dejando im\u00e1genes poco alentadoras para algunos partidos tradicionales. Los recientes cierres de campa\u00f1a de Renovaci\u00f3n Popular y Fuerza Popular evidenciaron una escasa presencia de p\u00fablico, situaci\u00f3n que fue registrada y difundida en redes sociales por el periodista Manuel Manrique, mostrando escenarios lejos de la convocatoria esperada. En [&hellip;]<\/p>\n","protected":false},"author":2,"featured_media":5938,"comment_status":"open","ping_status":"open","sticky":false,"template":"","format":"standard","meta":{"footnotes":""},"categories":[16,20],"tags":[],"class_list":["post-5936","post","type-post","status-publish","format-standard","has-post-thumbnail","hentry","category-chimbote","category-politica"],"aioseo_notices":[],"_links":{"self":[{"href":"https:\/\/www.agriculturaenmarcha.com\/index.php\/wp-json\/wp\/v2\/posts\/5936","targetHints":{"allow":["GET"]}}],"collection":[{"href":"https:\/\/www.agriculturaenmarcha.com\/index.php\/wp-json\/wp\/v2\/posts"}],"about":[{"href":"https:\/\/www.agriculturaenmarcha.com\/index.php\/wp-json\/wp\/v2\/types\/post"}],"author":[{"embeddable":true,"href":"https:\/\/www.agriculturaenmarcha.com\/index.php\/wp-json\/wp\/v2\/users\/2"}],"replies":[{"embeddable":true,"href":"https:\/\/www.agriculturaenmarcha.com\/index.php\/wp-json\/wp\/v2\/comments?post=5936"}],"version-history":[{"count":1,"href":"https:\/\/www.agriculturaenmarcha.com\/index.php\/wp-json\/wp\/v2\/posts\/5936\/revisions"}],"predecessor-version":[{"id":5939,"href":"https:\/\/www.agriculturaenmarcha.com\/index.php\/wp-json\/wp\/v2\/posts\/5936\/revisions\/5939"}],"wp:featuredmedia":[{"embeddable":true,"href":"https:\/\/www.agriculturaenmarcha.com\/index.php\/wp-json\/wp\/v2\/media\/5938"}],"wp:attachment":[{"href":"https:\/\/www.agriculturaenmarcha.com\/index.php\/wp-json\/wp\/v2\/media?parent=5936"}],"wp:term":[{"taxonomy":"category","embeddable":true,"href":"https:\/\/www.agriculturaenmarcha.com\/index.php\/wp-json\/wp\/v2\/categories?post=5936"},{"taxonomy":"post_tag","embeddable":true,"href":"https:\/\/www.agriculturaenmarcha.com\/index.php\/wp-json\/wp\/v2\/tags?post=5936"}],"curies":[{"name":"wp","href":"https:\/\/api.w.org\/{rel}","templated":true}]}}