{"id":5940,"date":"2026-04-08T19:48:10","date_gmt":"2026-04-09T00:48:10","guid":{"rendered":"https:\/\/www.agriculturaenmarcha.com\/?p=5940"},"modified":"2026-04-08T19:48:13","modified_gmt":"2026-04-09T00:48:13","slug":"del-barro-al-voto-roger-reyes-sacude-ancash-y-pide-que-el-agro-deje-de-ser-invitado-de-piedra-en-la-politica","status":"publish","type":"post","link":"https:\/\/www.agriculturaenmarcha.com\/index.php\/2026\/04\/08\/del-barro-al-voto-roger-reyes-sacude-ancash-y-pide-que-el-agro-deje-de-ser-invitado-de-piedra-en-la-politica\/","title":{"rendered":"\u201cDel barro al voto: Roger Reyes sacude Ancash y pide que el agro deje de ser invitado de piedra en la pol\u00edtica\u201d"},"content":{"rendered":"\n<p>Con la brisa marina de fondo, el mar como testigo silencioso y el campo como bandera de batalla, Roger Reyes Vereau volvi\u00f3 a dejar claro que su campa\u00f1a no quiere quedarse en el discurso bonito de temporada. En tiempos donde abundan candidatos que descubren el amor por la chacra apenas huelen elecciones, Reyes sali\u00f3 al frente con un mensaje directo: el agro ancashino ya no est\u00e1 para pedir limosnas pol\u00edticas, est\u00e1 para exigir representaci\u00f3n de verdad.<\/p>\n\n\n\n<p>El candidato de <strong>Podemos Per\u00fa<\/strong>, identificado con la <strong>P y el n\u00famero 5<\/strong>, se present\u00f3 como la voz de la costa, la sierra, la zona media y el altoandino de \u00c1ncash, recordando que su v\u00ednculo con agricultores y transportistas no naci\u00f3 en una oficina de campa\u00f1a ni en un spot bien editado, sino en los momentos duros, cuando los canales colapsaban, los cultivos se perd\u00edan y m\u00e1s de una autoridad prefer\u00eda practicar el noble arte de desaparecer.<\/p>\n\n\n\n<figure class=\"wp-block-image size-large\"><img fetchpriority=\"high\" decoding=\"async\" width=\"1024\" height=\"216\" src=\"https:\/\/www.agriculturaenmarcha.com\/wp-content\/uploads\/2026\/03\/001-rr-3-1024x216.jpg\" alt=\"\" class=\"wp-image-5870\" srcset=\"https:\/\/www.agriculturaenmarcha.com\/wp-content\/uploads\/2026\/03\/001-rr-3-1024x216.jpg 1024w, https:\/\/www.agriculturaenmarcha.com\/wp-content\/uploads\/2026\/03\/001-rr-3-300x63.jpg 300w, https:\/\/www.agriculturaenmarcha.com\/wp-content\/uploads\/2026\/03\/001-rr-3-768x162.jpg 768w, https:\/\/www.agriculturaenmarcha.com\/wp-content\/uploads\/2026\/03\/001-rr-3-1536x324.jpg 1536w, https:\/\/www.agriculturaenmarcha.com\/wp-content\/uploads\/2026\/03\/001-rr-3-2048x432.jpg 2048w, https:\/\/www.agriculturaenmarcha.com\/wp-content\/uploads\/2026\/03\/001-rr-3-640x135.jpg 640w\" sizes=\"(max-width: 1024px) 100vw, 1024px\" \/><\/figure>\n\n\n\n<p>Con tono firme y sin mucha decoraci\u00f3n verbal, Reyes sostuvo que su prioridad ser\u00e1 empujar cr\u00e9ditos agrarios con seguro, para que el agricultor deje de jugarse la vida cada vez que una plaga, una sequ\u00eda o un huaico decide arrasar con meses de trabajo. Tambi\u00e9n prometi\u00f3 defender precios justos, vigilar de cerca el manejo de Chinecas y pelear para que el peque\u00f1o productor no siga quedando arrinconado mientras otros hacen negocio con su esfuerzo.<\/p>\n\n\n\n<p>En materia econ\u00f3mica, plante\u00f3 regular combustibles para aliviar el golpe que hoy sufren el agro y el transporte, porque cuando sube el petr\u00f3leo, en el Per\u00fa termina subiendo hasta el \u00e1nimo del bodeguero. Adem\u00e1s, defendi\u00f3 con \u00e9nfasis el derecho de los peque\u00f1os productores a conservar el 30% de tierras destinadas a agricultores peruanos, advirtiendo que no se puede seguir entregando el tablero completo mientras al campesino apenas le dejan las fichas.<\/p>\n\n\n\n<p>Ya en el cierre, Reyes lanz\u00f3 su llamado al electorado con esa mezcla de campa\u00f1a, convicci\u00f3n y urgencia que tanto abunda en abril: no dejarse seducir por candidatos de botas reci\u00e9n estrenadas que aparecen cada cinco a\u00f1os prometiendo salvar el agro como si hubieran inventado la agricultura. Su consigna fue clara: este 12 de abril, marcar la <strong>P de Podemos Per\u00fa y el n\u00famero 5<\/strong>.<\/p>\n\n\n\n<p>Porque en \u00c1ncash, al parecer, el campo ya se cans\u00f3 de ser foto de folleto y quiere empezar a ser voz en la mesa donde realmente se decide. Una rareza democr\u00e1tica, s\u00ed: agricultores pidiendo que los representen quienes s\u00ed conocen el barro y no solo lo pisan en campa\u00f1a.<\/p>\n\n\n\n<figure class=\"wp-block-image size-large\"><img fetchpriority=\"high\" decoding=\"async\" width=\"1024\" height=\"216\" src=\"https:\/\/www.agriculturaenmarcha.com\/wp-content\/uploads\/2026\/03\/001-rr-3-1024x216.jpg\" alt=\"\" class=\"wp-image-5870\" srcset=\"https:\/\/www.agriculturaenmarcha.com\/wp-content\/uploads\/2026\/03\/001-rr-3-1024x216.jpg 1024w, https:\/\/www.agriculturaenmarcha.com\/wp-content\/uploads\/2026\/03\/001-rr-3-300x63.jpg 300w, https:\/\/www.agriculturaenmarcha.com\/wp-content\/uploads\/2026\/03\/001-rr-3-768x162.jpg 768w, https:\/\/www.agriculturaenmarcha.com\/wp-content\/uploads\/2026\/03\/001-rr-3-1536x324.jpg 1536w, https:\/\/www.agriculturaenmarcha.com\/wp-content\/uploads\/2026\/03\/001-rr-3-2048x432.jpg 2048w, https:\/\/www.agriculturaenmarcha.com\/wp-content\/uploads\/2026\/03\/001-rr-3-640x135.jpg 640w\" sizes=\"(max-width: 1024px) 100vw, 1024px\" \/><\/figure>\n\n\n<figure class=\"wp-block-embed-youtube wp-block-embed is-type-video is-provider-youtube wp-embed-aspect-16-9 wp-has-aspect-ratio\"><div class=\"lyte-wrapper fourthree\" title=\"\ud835\udde5\ud835\udde2\ud835\uddda\ud835\uddd8\ud835\udde5 \ud835\udde5\ud835\uddd8\ud835\uddec\ud835\uddd8\ud835\udde6 \ud835\udde6\ud835\uddd4\ud835\uddd6\ud835\udde8\ud835\uddd7\ud835\uddd8 \ud835\uddd4\u0301\ud835\udde1\ud835\uddd6\ud835\uddd4\ud835\udde6\ud835\udddb: &iexcl;EL AGRO EXIGE PODER Y TU VOTO DECIDE! #PodemosPeru5\" style=\"width:420px;max-width:100%;margin:5px;\"><div class=\"lyMe\" id=\"WYL_HzOwt6-xTQo\" itemprop=\"video\" itemscope itemtype=\"https:\/\/schema.org\/VideoObject\"><div><meta itemprop=\"thumbnailUrl\" content=\"https:\/\/i.ytimg.com\/vi\/HzOwt6-xTQo\/hqdefault.jpg\" \/><meta itemprop=\"embedURL\" content=\"https:\/\/www.youtube.com\/embed\/HzOwt6-xTQo\" \/><meta itemprop=\"duration\" content=\"\" \/><meta itemprop=\"uploadDate\" content=\"2026-04-08T23:53:26Z\" \/><\/div><div id=\"lyte_HzOwt6-xTQo\" data-src=\"https:\/\/i.ytimg.com\/vi\/HzOwt6-xTQo\/hqdefault.jpg\" class=\"pL\"><div class=\"tC\"><div class=\"tT\" itemprop=\"name\">\ud835\udde5\ud835\udde2\ud835\uddda\ud835\uddd8\ud835\udde5 \ud835\udde5\ud835\uddd8\ud835\uddec\ud835\uddd8\ud835\udde6 \ud835\udde6\ud835\uddd4\ud835\uddd6\ud835\udde8\ud835\uddd7\ud835\uddd8 \ud835\uddd4\u0301\ud835\udde1\ud835\uddd6\ud835\uddd4\ud835\udde6\ud835\udddb: \u00a1EL AGRO EXIGE PODER Y TU VOTO DECIDE! #PodemosPeru5<\/div><\/div><div class=\"play\"><\/div><div class=\"ctrl\"><div class=\"Lctrl\"><\/div><div class=\"Rctrl\"><\/div><\/div><\/div><noscript><a href=\"https:\/\/youtu.be\/HzOwt6-xTQo\" rel=\"nofollow\"><img decoding=\"async\" src=\"https:\/\/i.ytimg.com\/vi\/HzOwt6-xTQo\/0.jpg\" alt=\"\ud835\udde5\ud835\udde2\ud835\uddda\ud835\uddd8\ud835\udde5 \ud835\udde5\ud835\uddd8\ud835\uddec\ud835\uddd8\ud835\udde6 \ud835\udde6\ud835\uddd4\ud835\uddd6\ud835\udde8\ud835\uddd7\ud835\uddd8 \ud835\uddd4\u0301\ud835\udde1\ud835\uddd6\ud835\uddd4\ud835\udde6\ud835\udddb: &iexcl;EL AGRO EXIGE PODER Y TU VOTO DECIDE! #PodemosPeru5\" width=\"420\" height=\"295\" \/><br \/>Watch this video on YouTube<\/a><\/noscript><meta itemprop=\"description\" content=\"Con el mar de testigo, el campo como bandera y esa vieja costumbre peruana de prometer en campa\u00f1a como si el calendario no tuviera memoria, Roger Reyes Vereau sali\u00f3 a jugarse su carta electoral con discurso encendido, botas bien plantadas y un mensaje directo al agricultor ancashino: esta vez, dice, el agro no ir\u00e1 a pedir favores, sino a cobrar representaci\u00f3n. El candidato de Podemos Per\u00fa, con el s\u00edmbolo de la P y el n\u00famero 5, defendi\u00f3 su postulaci\u00f3n como la voz de la costa, sierra, zona media y altoandina de \u00c1ncash, recordando que mientras muchos descubren el amor por el campo cuando llegan elecciones, \u00e9l asegura haber estado all\u00ed cuando se romp\u00edan canales, se perd\u00edan cultivos y las autoridades practicaban ese deporte nacional llamado \u201causencia institucional\u201d. Reyes apel\u00f3 a su trayectoria junto a agricultores y transportistas para presentarse como una opci\u00f3n distinta en medio del carnaval electoral, ese desfile donde de pronto todos se ponen sombrero de chacra, hablan de fideicomisos y juran que siempre quisieron salvar al peque\u00f1o productor. Seg\u00fan afirm\u00f3, su prioridad ser\u00e1 impulsar cr\u00e9ditos agrarios asegurados, defender precios justos, fiscalizar Chinecas sin temblarle la mano y consolidar una bancada agraria que deje de mirar al campo solo cuando hay c\u00e1maras. Tambi\u00e9n lanz\u00f3 advertencias sobre el futuro del agro regional: regulaci\u00f3n de combustibles, protecci\u00f3n al peque\u00f1o productor frente a la gran industria y defensa del 30% de tierras destinadas a agricultores peruanos. Traducido al castellano electoral: promete pelear para que el campesino no siga financiando con sudor el banquete ajeno. En su mensaje final, Reyes pidi\u00f3 al electorado no dejarse seducir por candidatos que aparecen cada cinco a\u00f1os con sonrisa plastificada y botas reci\u00e9n compradas: \u201cMarquen la P de Podemos Per\u00fa y el n\u00famero 5\u201d. Porque en esta campa\u00f1a, al parecer, no basta con sembrar promesas: ahora tambi\u00e9n hay que cosechar votos. Humanidad, siempre tan creativa para convertir la esperanza en papeleta. SUSCR\u00cdBETE \u2192 \/ https:\/\/www.youtube.com\/@AgriculturaenMarcha Participacion por WhatsApp \u2192 981 535540 M\u00e1s noticias \u2192 agriculturaenmarcha.com TikTok: https:\/\/www.tiktok.com\/@miguelangelpalomi594 Facebook: \/ https:\/\/www.facebook.com\/agriculturaenmarcha\/ Instagram: https:\/\/www.instagram.com\/agiculturaenamarcha\/ x.com: https:\/\/x.com\/MiguelAnge68529\"><\/div><\/div><div class=\"lL\" style=\"max-width:100%;width:420px;margin:5px;\"><\/div><figcaption><\/figcaption><\/figure>","protected":false},"excerpt":{"rendered":"<p>Con la brisa marina de fondo, el mar como testigo silencioso y el campo como bandera de batalla, Roger Reyes Vereau volvi\u00f3 a dejar claro que su campa\u00f1a no quiere quedarse en el discurso bonito de temporada. En tiempos donde abundan candidatos que descubren el amor por la chacra apenas huelen elecciones, Reyes sali\u00f3 al [&hellip;]<\/p>\n","protected":false},"author":2,"featured_media":5941,"comment_status":"open","ping_status":"open","sticky":false,"template":"","format":"standard","meta":{"footnotes":""},"categories":[20,32],"tags":[],"class_list":["post-5940","post","type-post","status-publish","format-standard","has-post-thumbnail","hentry","category-politica","category-principales"],"aioseo_notices":[],"_links":{"self":[{"href":"https:\/\/www.agriculturaenmarcha.com\/index.php\/wp-json\/wp\/v2\/posts\/5940","targetHints":{"allow":["GET"]}}],"collection":[{"href":"https:\/\/www.agriculturaenmarcha.com\/index.php\/wp-json\/wp\/v2\/posts"}],"about":[{"href":"https:\/\/www.agriculturaenmarcha.com\/index.php\/wp-json\/wp\/v2\/types\/post"}],"author":[{"embeddable":true,"href":"https:\/\/www.agriculturaenmarcha.com\/index.php\/wp-json\/wp\/v2\/users\/2"}],"replies":[{"embeddable":true,"href":"https:\/\/www.agriculturaenmarcha.com\/index.php\/wp-json\/wp\/v2\/comments?post=5940"}],"version-history":[{"count":1,"href":"https:\/\/www.agriculturaenmarcha.com\/index.php\/wp-json\/wp\/v2\/posts\/5940\/revisions"}],"predecessor-version":[{"id":5942,"href":"https:\/\/www.agriculturaenmarcha.com\/index.php\/wp-json\/wp\/v2\/posts\/5940\/revisions\/5942"}],"wp:featuredmedia":[{"embeddable":true,"href":"https:\/\/www.agriculturaenmarcha.com\/index.php\/wp-json\/wp\/v2\/media\/5941"}],"wp:attachment":[{"href":"https:\/\/www.agriculturaenmarcha.com\/index.php\/wp-json\/wp\/v2\/media?parent=5940"}],"wp:term":[{"taxonomy":"category","embeddable":true,"href":"https:\/\/www.agriculturaenmarcha.com\/index.php\/wp-json\/wp\/v2\/categories?post=5940"},{"taxonomy":"post_tag","embeddable":true,"href":"https:\/\/www.agriculturaenmarcha.com\/index.php\/wp-json\/wp\/v2\/tags?post=5940"}],"curies":[{"name":"wp","href":"https:\/\/api.w.org\/{rel}","templated":true}]}}