{"id":6006,"date":"2026-04-24T09:34:43","date_gmt":"2026-04-24T14:34:43","guid":{"rendered":"https:\/\/www.agriculturaenmarcha.com\/?p=6006"},"modified":"2026-04-24T09:38:24","modified_gmt":"2026-04-24T14:38:24","slug":"ni-la-cruz-de-la-paz-los-salva-sutrapech-pide-salida-de-gerenta-de-chinecas","status":"publish","type":"post","link":"https:\/\/www.agriculturaenmarcha.com\/index.php\/2026\/04\/24\/ni-la-cruz-de-la-paz-los-salva-sutrapech-pide-salida-de-gerenta-de-chinecas\/","title":{"rendered":"Ni la Cruz de la Paz los salva: SUTRAPECH pide salida de gerenta de chinecas"},"content":{"rendered":"\n<p>En Chinecas ya no se habla en voz baja. El Sindicato de Trabajadores del Proyecto Especial (SUTRAPECH) ha puesto el tema sobre la mesa sin rodeos: piden la salida de la gerenta Ana Melab Salas, y esta vez no hay ceremonia, inauguraci\u00f3n ni simbolismo que maquille la crisis.<\/p>\n\n\n\n<p>Ni la reciente inauguraci\u00f3n de la llamada \u201cCruz de la Paz\u201d, ni discursos optimistas, ni gestos de buena voluntad han logrado calmar el malestar interno. Para los trabajadores, la situaci\u00f3n no pasa por actos protocolares ni fotos para redes, sino por decisiones de gesti\u00f3n que \u2014seg\u00fan se\u00f1alan\u2014 no han estado a la altura de las necesidades del proyecto.<\/p>\n\n\n\n<p>El pedido del sindicato se da en un contexto donde las cr\u00edticas a la administraci\u00f3n vienen creciendo, alimentadas por cuestionamientos sobre manejo institucional, prioridades presupuestales y falta de resultados concretos en el campo. Y mientras algunos apuestan por s\u00edmbolos, otros exigen cambios reales.<\/p>\n\n\n\n<p>El mensaje del SUTRAPECH es claro y directo: ni subir al cerro, ni encender luces simb\u00f3licas cambiar\u00e1 el rumbo si no hay un giro en la conducci\u00f3n de Chinecas.<\/p>\n\n\n\n<p>Por ahora, la presi\u00f3n est\u00e1 puesta. Y en Chinecas, donde el agua deber\u00eda ser el centro de todo, lo que hoy corre es la tensi\u00f3n.<\/p>\n\n\n\n<figure class=\"wp-block-image size-large\"><img fetchpriority=\"high\" decoding=\"async\" width=\"1024\" height=\"791\" src=\"https:\/\/www.agriculturaenmarcha.com\/wp-content\/uploads\/2026\/04\/Solicitud-SUTRAPECH-Mesa-de-Partes-Digital-GORE-ANCASH_page-0001-1024x791.jpg\" alt=\"\" class=\"wp-image-6010\" srcset=\"https:\/\/www.agriculturaenmarcha.com\/wp-content\/uploads\/2026\/04\/Solicitud-SUTRAPECH-Mesa-de-Partes-Digital-GORE-ANCASH_page-0001-1024x791.jpg 1024w, https:\/\/www.agriculturaenmarcha.com\/wp-content\/uploads\/2026\/04\/Solicitud-SUTRAPECH-Mesa-de-Partes-Digital-GORE-ANCASH_page-0001-300x232.jpg 300w, https:\/\/www.agriculturaenmarcha.com\/wp-content\/uploads\/2026\/04\/Solicitud-SUTRAPECH-Mesa-de-Partes-Digital-GORE-ANCASH_page-0001-768x593.jpg 768w, https:\/\/www.agriculturaenmarcha.com\/wp-content\/uploads\/2026\/04\/Solicitud-SUTRAPECH-Mesa-de-Partes-Digital-GORE-ANCASH_page-0001-1536x1187.jpg 1536w, https:\/\/www.agriculturaenmarcha.com\/wp-content\/uploads\/2026\/04\/Solicitud-SUTRAPECH-Mesa-de-Partes-Digital-GORE-ANCASH_page-0001-640x495.jpg 640w, https:\/\/www.agriculturaenmarcha.com\/wp-content\/uploads\/2026\/04\/Solicitud-SUTRAPECH-Mesa-de-Partes-Digital-GORE-ANCASH_page-0001.jpg 1650w\" sizes=\"(max-width: 1024px) 100vw, 1024px\" \/><\/figure>\n\n\n\n<p><strong>PUBLICIDAD<\/strong><\/p>\n\n\n\n<hr class=\"wp-block-separator has-alpha-channel-opacity\"\/>\n\n\n\n<figure class=\"wp-block-image size-full\"><img decoding=\"async\" width=\"954\" height=\"175\" src=\"https:\/\/www.agriculturaenmarcha.com\/wp-content\/uploads\/2026\/04\/Sin-titulo-1-cfghjl.jpg\" alt=\"\" class=\"wp-image-5969\" srcset=\"https:\/\/www.agriculturaenmarcha.com\/wp-content\/uploads\/2026\/04\/Sin-titulo-1-cfghjl.jpg 954w, https:\/\/www.agriculturaenmarcha.com\/wp-content\/uploads\/2026\/04\/Sin-titulo-1-cfghjl-300x55.jpg 300w, https:\/\/www.agriculturaenmarcha.com\/wp-content\/uploads\/2026\/04\/Sin-titulo-1-cfghjl-768x141.jpg 768w, https:\/\/www.agriculturaenmarcha.com\/wp-content\/uploads\/2026\/04\/Sin-titulo-1-cfghjl-640x117.jpg 640w\" sizes=\"(max-width: 954px) 100vw, 954px\" \/><\/figure>\n","protected":false},"excerpt":{"rendered":"<p>En Chinecas ya no se habla en voz baja. El Sindicato de Trabajadores del Proyecto Especial (SUTRAPECH) ha puesto el tema sobre la mesa sin rodeos: piden la salida de la gerenta Ana Melab Salas, y esta vez no hay ceremonia, inauguraci\u00f3n ni simbolismo que maquille la crisis. Ni la reciente inauguraci\u00f3n de la llamada [&hellip;]<\/p>\n","protected":false},"author":2,"featured_media":6007,"comment_status":"open","ping_status":"open","sticky":false,"template":"","format":"standard","meta":{"footnotes":""},"categories":[32,17],"tags":[],"class_list":["post-6006","post","type-post","status-publish","format-standard","has-post-thumbnail","hentry","category-principales","category-region-ancash"],"aioseo_notices":[],"_links":{"self":[{"href":"https:\/\/www.agriculturaenmarcha.com\/index.php\/wp-json\/wp\/v2\/posts\/6006","targetHints":{"allow":["GET"]}}],"collection":[{"href":"https:\/\/www.agriculturaenmarcha.com\/index.php\/wp-json\/wp\/v2\/posts"}],"about":[{"href":"https:\/\/www.agriculturaenmarcha.com\/index.php\/wp-json\/wp\/v2\/types\/post"}],"author":[{"embeddable":true,"href":"https:\/\/www.agriculturaenmarcha.com\/index.php\/wp-json\/wp\/v2\/users\/2"}],"replies":[{"embeddable":true,"href":"https:\/\/www.agriculturaenmarcha.com\/index.php\/wp-json\/wp\/v2\/comments?post=6006"}],"version-history":[{"count":2,"href":"https:\/\/www.agriculturaenmarcha.com\/index.php\/wp-json\/wp\/v2\/posts\/6006\/revisions"}],"predecessor-version":[{"id":6011,"href":"https:\/\/www.agriculturaenmarcha.com\/index.php\/wp-json\/wp\/v2\/posts\/6006\/revisions\/6011"}],"wp:featuredmedia":[{"embeddable":true,"href":"https:\/\/www.agriculturaenmarcha.com\/index.php\/wp-json\/wp\/v2\/media\/6007"}],"wp:attachment":[{"href":"https:\/\/www.agriculturaenmarcha.com\/index.php\/wp-json\/wp\/v2\/media?parent=6006"}],"wp:term":[{"taxonomy":"category","embeddable":true,"href":"https:\/\/www.agriculturaenmarcha.com\/index.php\/wp-json\/wp\/v2\/categories?post=6006"},{"taxonomy":"post_tag","embeddable":true,"href":"https:\/\/www.agriculturaenmarcha.com\/index.php\/wp-json\/wp\/v2\/tags?post=6006"}],"curies":[{"name":"wp","href":"https:\/\/api.w.org\/{rel}","templated":true}]}}