{"id":6017,"date":"2026-04-28T14:30:18","date_gmt":"2026-04-28T19:30:18","guid":{"rendered":"https:\/\/www.agriculturaenmarcha.com\/?p=6017"},"modified":"2026-04-28T15:15:16","modified_gmt":"2026-04-28T20:15:16","slug":"despues-de-5-anos-paralizada-retroexcavadora-entra-en-operacion-en-tangay-bajo-los-alamos","status":"publish","type":"post","link":"https:\/\/www.agriculturaenmarcha.com\/index.php\/2026\/04\/28\/despues-de-5-anos-paralizada-retroexcavadora-entra-en-operacion-en-tangay-bajo-los-alamos\/","title":{"rendered":"IRCHIM activa retroexcavadora y la pone al servicio de agricultores de Tangay Bajo Los \u00c1lamos"},"content":{"rendered":"\n<p>En ese marco, la Junta de Usuarios Irchim, bajo la gesti\u00f3n del ingeniero Agust\u00edn Ledesma Aguirre, dispuso la operatividad de la retroexcavadora y su disponibilidad para los usuarios, tal como se inform\u00f3 en la asamblea de los 100 d\u00edas. Acogiendo este anuncio, la Comisi\u00f3n de Usuarios Tangay Bajo Los \u00c1lamos asumi\u00f3 el compromiso de cubrir el combustible y poner en marcha los trabajos de inmediato, permitiendo que la maquinaria entre en acci\u00f3n para mejorar el servicio de riego en beneficio directo de los agricultores.<\/p>\n\n\n\n<p>Tras permanecer inactiva durante cinco a\u00f1os, la retroexcavadora adquirida con recursos de la tarifa de agua fue finalmente puesta en funcionamiento por pirmera vez en la Comisi\u00f3n de Usuarios Tangay Bajo Los \u00c1lamos.<\/p>\n\n\n\n<p>La reactivaci\u00f3n lo hizo la gestion del Ingeniero Agustin Ledesmas donde se logr\u00f3 comprometer ayuda gracias a las gestiones del presidente de la comisi\u00f3n, el profesor Hern\u00e1n Casta\u00f1eda Valdiviezo, ante el titular de la Junta de Usuarios Irchim, ingeniero Agust\u00edn Ledesma Aguirre, quien autoriz\u00f3 su uso en beneficio de los agricultores.<\/p>\n\n\n\n<p>Los usuarios expresaron su agradecimiento al consejo directivo de Irchim por facilitar la operatividad de la maquinaria, que ahora permitir\u00e1 ejecutar trabajos de limpieza de canales, mantenimiento y retiro de maleza, mejorando la eficiencia del servicio h\u00eddrico en la zona.<\/p>\n\n\n\n<p>Desde la comisi\u00f3n destacaron que la unidad, el di\u00e1logo y una cr\u00edtica propositiva han sido claves para destrabar la gesti\u00f3n y obtener resultados concretos en favor del agro.<\/p>\n\n\n\n<figure class=\"wp-block-gallery has-nested-images columns-default is-cropped wp-block-gallery-1 is-layout-flex wp-block-gallery-is-layout-flex\">\n<figure class=\"wp-block-image size-large\"><img fetchpriority=\"high\" decoding=\"async\" width=\"1024\" height=\"576\" data-id=\"6019\" src=\"https:\/\/www.agriculturaenmarcha.com\/wp-content\/uploads\/2026\/04\/Sin-titulo-1-212-1024x576.jpg\" alt=\"\" class=\"wp-image-6019\" srcset=\"https:\/\/www.agriculturaenmarcha.com\/wp-content\/uploads\/2026\/04\/Sin-titulo-1-212-1024x576.jpg 1024w, https:\/\/www.agriculturaenmarcha.com\/wp-content\/uploads\/2026\/04\/Sin-titulo-1-212-300x169.jpg 300w, https:\/\/www.agriculturaenmarcha.com\/wp-content\/uploads\/2026\/04\/Sin-titulo-1-212-768x432.jpg 768w, https:\/\/www.agriculturaenmarcha.com\/wp-content\/uploads\/2026\/04\/Sin-titulo-1-212-640x360.jpg 640w, https:\/\/www.agriculturaenmarcha.com\/wp-content\/uploads\/2026\/04\/Sin-titulo-1-212.jpg 1280w\" sizes=\"(max-width: 1024px) 100vw, 1024px\" \/><\/figure>\n\n\n\n<figure class=\"wp-block-image size-large\"><img decoding=\"async\" width=\"1024\" height=\"576\" data-id=\"6020\" src=\"https:\/\/www.agriculturaenmarcha.com\/wp-content\/uploads\/2026\/04\/Sin-titulo-1-18-1024x576.jpg\" alt=\"\" class=\"wp-image-6020\" srcset=\"https:\/\/www.agriculturaenmarcha.com\/wp-content\/uploads\/2026\/04\/Sin-titulo-1-18-1024x576.jpg 1024w, https:\/\/www.agriculturaenmarcha.com\/wp-content\/uploads\/2026\/04\/Sin-titulo-1-18-300x169.jpg 300w, https:\/\/www.agriculturaenmarcha.com\/wp-content\/uploads\/2026\/04\/Sin-titulo-1-18-768x432.jpg 768w, https:\/\/www.agriculturaenmarcha.com\/wp-content\/uploads\/2026\/04\/Sin-titulo-1-18-640x360.jpg 640w, https:\/\/www.agriculturaenmarcha.com\/wp-content\/uploads\/2026\/04\/Sin-titulo-1-18.jpg 1280w\" sizes=\"(max-width: 1024px) 100vw, 1024px\" \/><\/figure>\n<\/figure>\n\n\n\n<p><strong>PUBLICIDAD<\/strong><\/p>\n\n\n\n<figure class=\"wp-block-image size-full\"><img decoding=\"async\" width=\"954\" height=\"175\" src=\"https:\/\/www.agriculturaenmarcha.com\/wp-content\/uploads\/2026\/04\/Sin-titulo-1-cfghjl.jpg\" alt=\"\" class=\"wp-image-5969\" srcset=\"https:\/\/www.agriculturaenmarcha.com\/wp-content\/uploads\/2026\/04\/Sin-titulo-1-cfghjl.jpg 954w, https:\/\/www.agriculturaenmarcha.com\/wp-content\/uploads\/2026\/04\/Sin-titulo-1-cfghjl-300x55.jpg 300w, https:\/\/www.agriculturaenmarcha.com\/wp-content\/uploads\/2026\/04\/Sin-titulo-1-cfghjl-768x141.jpg 768w, https:\/\/www.agriculturaenmarcha.com\/wp-content\/uploads\/2026\/04\/Sin-titulo-1-cfghjl-640x117.jpg 640w\" sizes=\"(max-width: 954px) 100vw, 954px\" \/><\/figure>\n\n\n\n<figure class=\"wp-block-embed is-type-video is-provider-youtube wp-block-embed-youtube wp-embed-aspect-9-16 wp-has-aspect-ratio\"><div class=\"wp-block-embed__wrapper\">\n<div class=\"lyte-wrapper fourthree\" title=\"Dirigentes de Tangay Bajo Los &Aacute;lamos logran ponerla al servicio del agricultor\" style=\"width:420px;max-width:100%;margin:5px;\"><div class=\"lyMe\" id=\"WYL_AW1fHPlTpSo\" itemprop=\"video\" itemscope itemtype=\"https:\/\/schema.org\/VideoObject\"><div><meta itemprop=\"thumbnailUrl\" content=\"https:\/\/i.ytimg.com\/vi\/AW1fHPlTpSo\/hqdefault.jpg\" \/><meta itemprop=\"embedURL\" content=\"https:\/\/www.youtube.com\/embed\/AW1fHPlTpSo\" \/><meta itemprop=\"duration\" content=\"PT23S\" \/><meta itemprop=\"uploadDate\" content=\"2026-04-28T19:26:49Z\" \/><\/div><div id=\"lyte_AW1fHPlTpSo\" data-src=\"https:\/\/i.ytimg.com\/vi\/AW1fHPlTpSo\/hqdefault.jpg\" class=\"pL\"><div class=\"tC\"><div class=\"tT\" itemprop=\"name\">Dirigentes de Tangay Bajo Los \u00c1lamos logran ponerla al servicio del agricultor<\/div><\/div><div class=\"play\"><\/div><div class=\"ctrl\"><div class=\"Lctrl\"><\/div><div class=\"Rctrl\"><\/div><\/div><\/div><noscript><a href=\"https:\/\/youtu.be\/AW1fHPlTpSo\" rel=\"nofollow\"><img loading=\"lazy\" decoding=\"async\" src=\"https:\/\/i.ytimg.com\/vi\/AW1fHPlTpSo\/0.jpg\" alt=\"Dirigentes de Tangay Bajo Los &Aacute;lamos logran ponerla al servicio del agricultor\" width=\"420\" height=\"295\" \/><br \/>Watch this video on YouTube<\/a><\/noscript><meta itemprop=\"description\" content=\"Cuando hay gesti\u00f3n y unidad, los resultados se ven. \ud83c\udf31 #TangayBajo #AgriculturaEnMarcha #Gesti\u00f3nQueFunciona #AguaParaElCampo #Retroexcavadora #ProductoresUnidos SUSCR\u00cdBETE \u2192 \/ https:\/\/www.youtube.com\/@AgriculturaenMarcha Participacion por WhatsApp \u2192 981 535540 M\u00e1s noticias \u2192 agriculturaenmarcha.com TikTok: https:\/\/www.tiktok.com\/@miguelangelpalomi594 Facebook: \/ https:\/\/www.facebook.com\/agriculturaenmarcha\/ Instagram: https:\/\/www.instagram.com\/agiculturaenamarcha\/ x.com: https:\/\/x.com\/MiguelAnge68529\"><\/div><\/div><div class=\"lL\" style=\"max-width:100%;width:420px;margin:5px;\"><\/div>\n<\/div><\/figure>\n","protected":false},"excerpt":{"rendered":"<p>En ese marco, la Junta de Usuarios Irchim, bajo la gesti\u00f3n del ingeniero Agust\u00edn Ledesma Aguirre, dispuso la operatividad de la retroexcavadora y su disponibilidad para los usuarios, tal como se inform\u00f3 en la asamblea de los 100 d\u00edas. Acogiendo este anuncio, la Comisi\u00f3n de Usuarios Tangay Bajo Los \u00c1lamos asumi\u00f3 el compromiso de cubrir [&hellip;]<\/p>\n","protected":false},"author":2,"featured_media":6018,"comment_status":"open","ping_status":"open","sticky":false,"template":"","format":"standard","meta":{"footnotes":""},"categories":[31,32],"tags":[],"class_list":["post-6017","post","type-post","status-publish","format-standard","has-post-thumbnail","hentry","category-populares","category-principales"],"aioseo_notices":[],"_links":{"self":[{"href":"https:\/\/www.agriculturaenmarcha.com\/index.php\/wp-json\/wp\/v2\/posts\/6017","targetHints":{"allow":["GET"]}}],"collection":[{"href":"https:\/\/www.agriculturaenmarcha.com\/index.php\/wp-json\/wp\/v2\/posts"}],"about":[{"href":"https:\/\/www.agriculturaenmarcha.com\/index.php\/wp-json\/wp\/v2\/types\/post"}],"author":[{"embeddable":true,"href":"https:\/\/www.agriculturaenmarcha.com\/index.php\/wp-json\/wp\/v2\/users\/2"}],"replies":[{"embeddable":true,"href":"https:\/\/www.agriculturaenmarcha.com\/index.php\/wp-json\/wp\/v2\/comments?post=6017"}],"version-history":[{"count":3,"href":"https:\/\/www.agriculturaenmarcha.com\/index.php\/wp-json\/wp\/v2\/posts\/6017\/revisions"}],"predecessor-version":[{"id":6025,"href":"https:\/\/www.agriculturaenmarcha.com\/index.php\/wp-json\/wp\/v2\/posts\/6017\/revisions\/6025"}],"wp:featuredmedia":[{"embeddable":true,"href":"https:\/\/www.agriculturaenmarcha.com\/index.php\/wp-json\/wp\/v2\/media\/6018"}],"wp:attachment":[{"href":"https:\/\/www.agriculturaenmarcha.com\/index.php\/wp-json\/wp\/v2\/media?parent=6017"}],"wp:term":[{"taxonomy":"category","embeddable":true,"href":"https:\/\/www.agriculturaenmarcha.com\/index.php\/wp-json\/wp\/v2\/categories?post=6017"},{"taxonomy":"post_tag","embeddable":true,"href":"https:\/\/www.agriculturaenmarcha.com\/index.php\/wp-json\/wp\/v2\/tags?post=6017"}],"curies":[{"name":"wp","href":"https:\/\/api.w.org\/{rel}","templated":true}]}}